{"id":24690,"date":"2015-06-05T10:37:55","date_gmt":"2015-06-05T10:37:55","guid":{"rendered":"http:\/\/tv.dms3labs.cat\/mas-de-1-000-jovenes-marcaran-simultaneamente-diferentes-tramos-de-el-camino-el-proximo-6-de-junio\/"},"modified":"2015-06-05T10:37:55","modified_gmt":"2015-06-05T10:37:55","slug":"mas-de-1-000-jovenes-marcaran-simultaneamente-diferentes-tramos-de-el-camino-el-proximo-6-de-junio","status":"publish","type":"post","link":"https:\/\/www.elvendrellturisme.com\/es\/mas-de-1-000-jovenes-marcaran-simultaneamente-diferentes-tramos-de-el-camino-el-proximo-6-de-junio\/","title":{"rendered":"M\u00e1s de 1.000 j\u00f3venes marcar\u00e1n simult\u00e1neamente diferentes tramos de El Camino el pr\u00f3ximo 6 de junio"},"content":{"rendered":"<p>Este a\u00f1o la Asociaci\u00f3n Escoltas Catalanes ha hecho 40 a\u00f1os y lo<br \/>\ncelebra el pr\u00f3ximo s\u00e1bado 6 de junio implic\u00e1ndose con el pa\u00eds mediante la<br \/>\nse\u00f1alizaci\u00f3n de El Camino, haciendo gala de la vocaci\u00f3n de servicio del movimiento scout. Por la ma\u00f1ana<br \/>\nlos miembros de Escoltas Catalanes apadrinar\u00e1n y se\u00f1alizar\u00e1n varias etapas de El Camino,<br \/>\nla ruta de senderismo cultural que une todas las comarcas de habla catalana, y que<br \/>\nse se\u00f1aliza de forma participativa con volutaris de todo el territorio.<br \/>\nEn total los m\u00e1s de 1.000 ni\u00f1os y j\u00f3venes voluntarios se\u00f1alizar\u00e1n m\u00e1s de 150<br \/>\nkil\u00f3metros de El Camino, a lo largo los tramos del Noguera-Litera-Bajo Cinca-Segri\u00e0, el<br \/>\nTarragon\u00e8s-Pened\u00e8s-Anoia, Barcelona Bajos Llogregat-Barcelon\u00e8s y el Vall\u00e8s<br \/>\nOriental-Maresme. M\u00e1s de 20 municipios -entre ellos el Vendrell, Torredembarra,<br \/>\nCalafell, Alcarr\u00e0s, Albat\u00e0rrec, Sant Feliu de Llobregat o Sant Andreu de Llavaneres- se<br \/>\nbeneficiar\u00e1n de la acci\u00f3n de la entidad juvenil, ya que el Camino quedar\u00e1 marcado en el paso por su<br \/>\nterritorio. Los Ayuntamientos se han mostrado muy agradecidos por esta tarea, y tanto el Paso<br \/>\ncomo Escoltas Catalanes est\u00e1n muy satisfechos de haber podido coordinar una fiesta como<br \/>\n\u00e9sta, que culminar\u00e1 con una acci\u00f3n<br \/>\nde servicio de los agrupamientos que<br \/>\nrevertir\u00e1 en beneficio de la sociedad en<br \/>\ngeneral.<br \/>\nEl proyecto se enmarca en la iniciativa<br \/>\nCam\u00edJove, una opci\u00f3n creciente entre las<br \/>\nentidades de ocio juvenil que optan por<br \/>\nhacerse veladores de El Camino.<\/p>\n","protected":false},"excerpt":{"rendered":"<p>Este a\u00f1o la Asociaci\u00f3n Escoltas Catalanes ha hecho 40 a\u00f1os y lo celebra el pr\u00f3ximo s\u00e1bado 6 de junio implic\u00e1ndose con el pa\u00eds mediante la se\u00f1alizaci\u00f3n de El Camino, haciendo gala de la vocaci\u00f3n de servicio del movimiento scout. Por la ma\u00f1ana los miembros de Escoltas Catalanes apadrinar\u00e1n y se\u00f1alizar\u00e1n varias etapas de El Camino, [&hellip;]<\/p>\n","protected":false},"author":1,"featured_media":26025,"comment_status":"open","ping_status":"closed","sticky":false,"template":"","format":"standard","meta":{"_acf_changed":false,"_et_pb_use_builder":"","_et_pb_old_content":"","_et_gb_content_width":"","content-type":"","footnotes":""},"categories":[],"tags":[],"dipi_cpt_category":[],"class_list":["post-24690","post","type-post","status-publish","format-standard","has-post-thumbnail","hentry"],"acf":[],"_links":{"self":[{"href":"https:\/\/www.elvendrellturisme.com\/es\/wp-json\/wp\/v2\/posts\/24690","targetHints":{"allow":["GET"]}}],"collection":[{"href":"https:\/\/www.elvendrellturisme.com\/es\/wp-json\/wp\/v2\/posts"}],"about":[{"href":"https:\/\/www.elvendrellturisme.com\/es\/wp-json\/wp\/v2\/types\/post"}],"author":[{"embeddable":true,"href":"https:\/\/www.elvendrellturisme.com\/es\/wp-json\/wp\/v2\/users\/1"}],"replies":[{"embeddable":true,"href":"https:\/\/www.elvendrellturisme.com\/es\/wp-json\/wp\/v2\/comments?post=24690"}],"version-history":[{"count":0,"href":"https:\/\/www.elvendrellturisme.com\/es\/wp-json\/wp\/v2\/posts\/24690\/revisions"}],"wp:featuredmedia":[{"embeddable":true,"href":"https:\/\/www.elvendrellturisme.com\/es\/wp-json\/wp\/v2\/media\/26025"}],"wp:attachment":[{"href":"https:\/\/www.elvendrellturisme.com\/es\/wp-json\/wp\/v2\/media?parent=24690"}],"wp:term":[{"taxonomy":"category","embeddable":true,"href":"https:\/\/www.elvendrellturisme.com\/es\/wp-json\/wp\/v2\/categories?post=24690"},{"taxonomy":"post_tag","embeddable":true,"href":"https:\/\/www.elvendrellturisme.com\/es\/wp-json\/wp\/v2\/tags?post=24690"},{"taxonomy":"dipi_cpt_category","embeddable":true,"href":"https:\/\/www.elvendrellturisme.com\/es\/wp-json\/wp\/v2\/dipi_cpt_category?post=24690"}],"curies":[{"name":"wp","href":"https:\/\/api.w.org\/{rel}","templated":true}]}}