{"id":24692,"date":"2015-06-26T10:25:31","date_gmt":"2015-06-26T10:25:31","guid":{"rendered":"http:\/\/tv.dms3labs.cat\/comienzan-los-conciertos-en-el-museo-deu\/"},"modified":"2015-06-26T10:25:31","modified_gmt":"2015-06-26T10:25:31","slug":"comienzan-los-conciertos-en-el-museo-deu","status":"publish","type":"post","link":"https:\/\/www.elvendrellturisme.com\/es\/comienzan-los-conciertos-en-el-museo-deu\/","title":{"rendered":"Comienzan los conciertos en el Museo Deu"},"content":{"rendered":"<p>Este viernes 26 comienzan los conciertos en el Museo Deu con dos formaciones vendrellenques: el Coro Gospel y la Big-Band de la Escuela M\u00fasicos de El Vendrell.<\/p>\n<p>La Big Band de la Escuela M\u00fasicos del Vendrell es una orquesta de jazz formada por una veintena de m\u00fasicos, alumnos de este centro y de edades muy variadas (desde los veinte a\u00f1os hasta los casi cincuenta). Esta formaci\u00f3n comenz\u00f3 a funcionar en 2005 y ha tenido continuidad participando a\u00f1o tras a\u00f1o en audiciones en la misma Escuela, en el Museo Deu y dentro de la programaci\u00f3n del Ciclo de Jazz del Auditorio Pau Casals.<\/p>\n<p>La Big Band est\u00e1 integrada por saxos, clarinetes, trompetas, trombones, piano, guitarra, bajo, bater\u00eda y percusi\u00f3n, lo que asegura una sonoridad rica y contundente que no deja indiferente a la audiencia. El repertorio es muy variado (siempre dentro del \u00e1mbito del jazz y la m\u00fasica moderna), comprensible y ameno. Se pueden escuchar temas de swing, bolso, latino, reggae &#8230; de compositores como Henry Mancini, Herbie Hancock, Chuck Rio y Dean Sorenson, entre otros. Est\u00e1 formada por los siguientes m\u00fasicos:<\/p>\n<p>Ramon Vallverd\u00fa, saxo alto<\/p>\n<p>Miguel Benavent, saxo alto<\/p>\n<p>Paz Barnadas, saxo tenor<\/p>\n<p>Carlos Carbonell, saxo tenor<\/p>\n<p>Isidre Melendi, saxo tenor<\/p>\n<p>Paco Xurado, saxo bar\u00edtono<\/p>\n<p>Jordi Navarro, clarinete<\/p>\n<p>Mart\u00edn Juan, clarinete<\/p>\n<p>Gaspar Alcocer, trompeta<\/p>\n<p>Quim Nicol\u00e1s, trompeta<\/p>\n<p>Guillermo Totusaus, trompeta<\/p>\n<p>Alex Ricart, trompeta<\/p>\n<p>Jordi Daroca, tromb\u00f3n<\/p>\n<p>Jos\u00e9 Cabezas, tromb\u00f3n<\/p>\n<p>Juan Carlos Bov\u00e9, tromb\u00f3n<\/p>\n<p>Alberto Arroyo, guitarra<\/p>\n<p>Dani Rodr\u00edguez, piano<\/p>\n<p>Llu\u00eds Guinovart, bajo<\/p>\n<p>Marco Mercad\u00e9, bater\u00eda, voz<\/p>\n<p>Isidro Ruiz, bater\u00eda<\/p>\n<p>Jordi L\u00f3pez, percusi\u00f3n<\/p>\n<p>La direcci\u00f3n est\u00e1 a cargo de V\u00edctor Virgen, profesor de saxo de la Escuela M\u00fasicos.<\/p>\n<p>A continuaci\u00f3n actuar\u00e1 el Coro Gospel de la Escuela M\u00fasicos de El Vendrell, bajo la direcci\u00f3n de Argem\u00ed Curto, con Alex Jordi al piano.<\/p>\n<p>El concierto es a las siete de la tarde y el precio de la entrada es de 5 euros.<\/p>\n","protected":false},"excerpt":{"rendered":"<p>Este viernes 26 comienzan los conciertos en el Museo Deu con dos formaciones vendrellenques: el Coro Gospel y la Big-Band de la Escuela M\u00fasicos de El Vendrell. La Big Band de la Escuela M\u00fasicos del Vendrell es una orquesta de jazz formada por una veintena de m\u00fasicos, alumnos de este centro y de edades muy [&hellip;]<\/p>\n","protected":false},"author":1,"featured_media":22885,"comment_status":"open","ping_status":"closed","sticky":false,"template":"","format":"standard","meta":{"_acf_changed":false,"_et_pb_use_builder":"","_et_pb_old_content":"","_et_gb_content_width":"","content-type":"","footnotes":""},"categories":[],"tags":[],"dipi_cpt_category":[],"class_list":["post-24692","post","type-post","status-publish","format-standard","has-post-thumbnail","hentry"],"acf":[],"_links":{"self":[{"href":"https:\/\/www.elvendrellturisme.com\/es\/wp-json\/wp\/v2\/posts\/24692","targetHints":{"allow":["GET"]}}],"collection":[{"href":"https:\/\/www.elvendrellturisme.com\/es\/wp-json\/wp\/v2\/posts"}],"about":[{"href":"https:\/\/www.elvendrellturisme.com\/es\/wp-json\/wp\/v2\/types\/post"}],"author":[{"embeddable":true,"href":"https:\/\/www.elvendrellturisme.com\/es\/wp-json\/wp\/v2\/users\/1"}],"replies":[{"embeddable":true,"href":"https:\/\/www.elvendrellturisme.com\/es\/wp-json\/wp\/v2\/comments?post=24692"}],"version-history":[{"count":0,"href":"https:\/\/www.elvendrellturisme.com\/es\/wp-json\/wp\/v2\/posts\/24692\/revisions"}],"wp:featuredmedia":[{"embeddable":true,"href":"https:\/\/www.elvendrellturisme.com\/es\/wp-json\/wp\/v2\/media\/22885"}],"wp:attachment":[{"href":"https:\/\/www.elvendrellturisme.com\/es\/wp-json\/wp\/v2\/media?parent=24692"}],"wp:term":[{"taxonomy":"category","embeddable":true,"href":"https:\/\/www.elvendrellturisme.com\/es\/wp-json\/wp\/v2\/categories?post=24692"},{"taxonomy":"post_tag","embeddable":true,"href":"https:\/\/www.elvendrellturisme.com\/es\/wp-json\/wp\/v2\/tags?post=24692"},{"taxonomy":"dipi_cpt_category","embeddable":true,"href":"https:\/\/www.elvendrellturisme.com\/es\/wp-json\/wp\/v2\/dipi_cpt_category?post=24692"}],"curies":[{"name":"wp","href":"https:\/\/api.w.org\/{rel}","templated":true}]}}