{"id":24694,"date":"2015-07-08T10:59:12","date_gmt":"2015-07-08T10:59:12","guid":{"rendered":"http:\/\/tv.dms3labs.cat\/el-aula-acuatica-esta-a-punto-para-empezar-temporada\/"},"modified":"2015-07-08T10:59:12","modified_gmt":"2015-07-08T10:59:12","slug":"el-aula-acuatica-esta-a-punto-para-empezar-temporada","status":"publish","type":"post","link":"https:\/\/www.elvendrellturisme.com\/es\/el-aula-acuatica-esta-a-punto-para-empezar-temporada\/","title":{"rendered":"El Aula Acu\u00e1tica est\u00e1 a punto para empezar temporada"},"content":{"rendered":"<p>Este s\u00e1bado 4 de julio, la actividad Aula Acu\u00e1tica de la reserva marina de Mas\u00eda Blanca abri\u00f3 sus puertas una temporada m\u00e1s. Con una imagen renovada, se continuar\u00e1n haciendo las salidas cada fin de semana de julio y cada d\u00eda de agosto a las 9 hya las 11.30 h.<\/p>\n<p>En el Aula Acu\u00e1tica se podr\u00e1 ver una exposici\u00f3n divulgativa sobre la reserva marina y un documental que completar\u00e1 los conocimientos. Luego, se podr\u00e1 practicar snorkeling en la reserva marina de la Mas\u00eda Blanca y disfrutar de un amplio caleidoscopio de flora y fauna.<\/p>\n<p>Para practicar snorkeling no es necesario tener experiencia previa, ni llevar a cabo un entrenamiento espec\u00edfico: tan s\u00f3lo hay que saber nadar. En el Aula Acu\u00e1tica se proporcionar\u00e1 el equipo est\u00e1ndar, as\u00ed como toda la informaci\u00f3n para hacer la actividad.<\/p>\n","protected":false},"excerpt":{"rendered":"<p>Este s\u00e1bado 4 de julio, la actividad Aula Acu\u00e1tica de la reserva marina de Mas\u00eda Blanca abri\u00f3 sus puertas una temporada m\u00e1s. Con una imagen renovada, se continuar\u00e1n haciendo las salidas cada fin de semana de julio y cada d\u00eda de agosto a las 9 hya las 11.30 h. En el Aula Acu\u00e1tica se podr\u00e1 [&hellip;]<\/p>\n","protected":false},"author":1,"featured_media":22888,"comment_status":"open","ping_status":"closed","sticky":false,"template":"","format":"standard","meta":{"_acf_changed":false,"_et_pb_use_builder":"","_et_pb_old_content":"","_et_gb_content_width":"","content-type":"","footnotes":""},"categories":[],"tags":[],"dipi_cpt_category":[],"class_list":["post-24694","post","type-post","status-publish","format-standard","has-post-thumbnail","hentry"],"acf":[],"_links":{"self":[{"href":"https:\/\/www.elvendrellturisme.com\/es\/wp-json\/wp\/v2\/posts\/24694","targetHints":{"allow":["GET"]}}],"collection":[{"href":"https:\/\/www.elvendrellturisme.com\/es\/wp-json\/wp\/v2\/posts"}],"about":[{"href":"https:\/\/www.elvendrellturisme.com\/es\/wp-json\/wp\/v2\/types\/post"}],"author":[{"embeddable":true,"href":"https:\/\/www.elvendrellturisme.com\/es\/wp-json\/wp\/v2\/users\/1"}],"replies":[{"embeddable":true,"href":"https:\/\/www.elvendrellturisme.com\/es\/wp-json\/wp\/v2\/comments?post=24694"}],"version-history":[{"count":0,"href":"https:\/\/www.elvendrellturisme.com\/es\/wp-json\/wp\/v2\/posts\/24694\/revisions"}],"wp:featuredmedia":[{"embeddable":true,"href":"https:\/\/www.elvendrellturisme.com\/es\/wp-json\/wp\/v2\/media\/22888"}],"wp:attachment":[{"href":"https:\/\/www.elvendrellturisme.com\/es\/wp-json\/wp\/v2\/media?parent=24694"}],"wp:term":[{"taxonomy":"category","embeddable":true,"href":"https:\/\/www.elvendrellturisme.com\/es\/wp-json\/wp\/v2\/categories?post=24694"},{"taxonomy":"post_tag","embeddable":true,"href":"https:\/\/www.elvendrellturisme.com\/es\/wp-json\/wp\/v2\/tags?post=24694"},{"taxonomy":"dipi_cpt_category","embeddable":true,"href":"https:\/\/www.elvendrellturisme.com\/es\/wp-json\/wp\/v2\/dipi_cpt_category?post=24694"}],"curies":[{"name":"wp","href":"https:\/\/api.w.org\/{rel}","templated":true}]}}