{"id":24696,"date":"2015-07-11T11:15:34","date_gmt":"2015-07-11T11:15:34","guid":{"rendered":"http:\/\/tv.dms3labs.cat\/2o-concurso-instagram-el-vendrell-vive-en-familia\/"},"modified":"2015-07-11T11:15:34","modified_gmt":"2015-07-11T11:15:34","slug":"2o-concurso-instagram-el-vendrell-vive-en-familia","status":"publish","type":"post","link":"https:\/\/www.elvendrellturisme.com\/es\/2o-concurso-instagram-el-vendrell-vive-en-familia\/","title":{"rendered":"2\u00ba Concurso Instagram &quot;El Vendrell, vive en familia&quot;"},"content":{"rendered":"<p>Por segunda vez, el Patronato Municipal de Turismo del Vendrell convoca el Concurso Instagram (#turismevendrell). El Patronato apuesta as\u00ed por una red de referencia, que tiene un gran p\u00fablico tur\u00edstico muy activo, como es Instagram. Como en la anterior ocasi\u00f3n, el objetivo del Concurso es que lugare\u00f1os y visitantes puedan participar en una acci\u00f3n colectiva para fomentar la participaci\u00f3n y promocionar el municipio en todo el pa\u00eds y del mundo, a trav\u00e9s de la etiqueta #estiuenfamiliaalvendrell.<\/p>\n<p>La tem\u00e1tica del concurso es &quot;El Vendrell, vive en familia&quot; y es necesario que los usuarios capten con los m\u00f3viles aquellos lugares, momentos o situaciones que consideren representativos de su paso con la familia por el municipio de El Vendrell y sus playas. Entre todas las im\u00e1genes enviadas por los usuarios, se escoger\u00e1n tres, que ser\u00e1n las premiadas.<\/p>\n<p>El plazo de participaci\u00f3n en el concurso comenzar\u00e1 el 13 de julio de 2015 y finalizar\u00e1 el 31 de agosto de 2015.<\/p>\n","protected":false},"excerpt":{"rendered":"<p>Por segunda vez, el Patronato Municipal de Turismo del Vendrell convoca el Concurso Instagram (#turismevendrell). El Patronato apuesta as\u00ed por una red de referencia, que tiene un gran p\u00fablico tur\u00edstico muy activo, como es Instagram. Como en la anterior ocasi\u00f3n, el objetivo del Concurso es que lugare\u00f1os y visitantes puedan participar en una acci\u00f3n colectiva [&hellip;]<\/p>\n","protected":false},"author":1,"featured_media":22892,"comment_status":"open","ping_status":"closed","sticky":false,"template":"","format":"standard","meta":{"_acf_changed":false,"_et_pb_use_builder":"","_et_pb_old_content":"","_et_gb_content_width":"","content-type":"","footnotes":""},"categories":[],"tags":[],"dipi_cpt_category":[],"class_list":["post-24696","post","type-post","status-publish","format-standard","has-post-thumbnail","hentry"],"acf":[],"_links":{"self":[{"href":"https:\/\/www.elvendrellturisme.com\/es\/wp-json\/wp\/v2\/posts\/24696","targetHints":{"allow":["GET"]}}],"collection":[{"href":"https:\/\/www.elvendrellturisme.com\/es\/wp-json\/wp\/v2\/posts"}],"about":[{"href":"https:\/\/www.elvendrellturisme.com\/es\/wp-json\/wp\/v2\/types\/post"}],"author":[{"embeddable":true,"href":"https:\/\/www.elvendrellturisme.com\/es\/wp-json\/wp\/v2\/users\/1"}],"replies":[{"embeddable":true,"href":"https:\/\/www.elvendrellturisme.com\/es\/wp-json\/wp\/v2\/comments?post=24696"}],"version-history":[{"count":0,"href":"https:\/\/www.elvendrellturisme.com\/es\/wp-json\/wp\/v2\/posts\/24696\/revisions"}],"wp:featuredmedia":[{"embeddable":true,"href":"https:\/\/www.elvendrellturisme.com\/es\/wp-json\/wp\/v2\/media\/22892"}],"wp:attachment":[{"href":"https:\/\/www.elvendrellturisme.com\/es\/wp-json\/wp\/v2\/media?parent=24696"}],"wp:term":[{"taxonomy":"category","embeddable":true,"href":"https:\/\/www.elvendrellturisme.com\/es\/wp-json\/wp\/v2\/categories?post=24696"},{"taxonomy":"post_tag","embeddable":true,"href":"https:\/\/www.elvendrellturisme.com\/es\/wp-json\/wp\/v2\/tags?post=24696"},{"taxonomy":"dipi_cpt_category","embeddable":true,"href":"https:\/\/www.elvendrellturisme.com\/es\/wp-json\/wp\/v2\/dipi_cpt_category?post=24696"}],"curies":[{"name":"wp","href":"https:\/\/api.w.org\/{rel}","templated":true}]}}