{"id":24699,"date":"2015-07-21T13:20:11","date_gmt":"2015-07-21T13:20:11","guid":{"rendered":"http:\/\/tv.dms3labs.cat\/las-playas-de-el-vendrell-superan-con-exito-las-auditorias-de-seguimiento-de-los-certificados-de-calidad-y-ambiental-iso-9001-e-iso-14001\/"},"modified":"2015-07-21T13:20:11","modified_gmt":"2015-07-21T13:20:11","slug":"las-playas-de-el-vendrell-superan-con-exito-las-auditorias-de-seguimiento-de-los-certificados-de-calidad-y-ambiental-iso-9001-e-iso-14001","status":"publish","type":"post","link":"https:\/\/www.elvendrellturisme.com\/es\/las-playas-de-el-vendrell-superan-con-exito-las-auditorias-de-seguimiento-de-los-certificados-de-calidad-y-ambiental-iso-9001-e-iso-14001\/","title":{"rendered":"Las playas de El Vendrell superan con \u00e9xito las auditor\u00edas de seguimiento de los certificados de calidad y ambiental ISO 9001 e ISO 14001"},"content":{"rendered":"<p>El pasado 13 de julio las playas de Coma-ruga, Sant Salvador y el Franc\u00e0s recibieron la visita de los auditores de la certificadora T\u00fcvRheiland para hacer el segundo seguimiento de la ISO 14001 de gesti\u00f3n medioambiental y la renovaci\u00f3n del certificado de la ISO 9001 de gesti\u00f3n de la calidad.<\/p>\n<p>El Ayuntamiento de El Vendrell celebra la revalidaci\u00f3n de estas certificaciones internacionales sobre la calidad de su entorno mar\u00edtimo, la cual avala la gesti\u00f3n que se realiza de playas del municipio.<\/p>\n<p>Cabe recordar que el Ayuntamiento de El Vendrell implant\u00f3 la ISO ambiental del verano del a\u00f1o 2012 y la de calidad en el verano de 2013, con el asesoramiento de la empresa vendrellenca Eurogesmed SL.<\/p>\n<p>La norma ISO es un sistema de gesti\u00f3n de \u00e1mbito internacional que reconoce la forma de gestionar los servicios y las actividades que se desarrollan en la zona de ba\u00f1o y en la arena de las playas, con el objetivo de contribuir al desarrollo sostenible local. Esta certificaci\u00f3n implica la planificaci\u00f3n e implantaci\u00f3n de una pol\u00edtica ambiental y de calidad que incluye un compromiso de mejora continua y de prevenci\u00f3n, as\u00ed como el compromiso de cumplir la legislaci\u00f3n y la reglamentaci\u00f3n ambiental vigentes.<\/p>\n<p>As\u00ed pues, la renovaci\u00f3n de los certificados es el resultado de la buena gesti\u00f3n integrada que tienen las playas del municipio y del esfuerzo y la participaci\u00f3n de todos los t\u00e9cnicos implicados en la gesti\u00f3n de las playas, tanto de la entidad local como de concesiones y contratos.<\/p>\n","protected":false},"excerpt":{"rendered":"<p>El pasado 13 de julio las playas de Coma-ruga, Sant Salvador y el Franc\u00e0s recibieron la visita de los auditores de la certificadora T\u00fcvRheiland para hacer el segundo seguimiento de la ISO 14001 de gesti\u00f3n medioambiental y la renovaci\u00f3n del certificado de la ISO 9001 de gesti\u00f3n de la calidad. El Ayuntamiento de El Vendrell [&hellip;]<\/p>\n","protected":false},"author":1,"featured_media":22898,"comment_status":"open","ping_status":"closed","sticky":false,"template":"","format":"standard","meta":{"_acf_changed":false,"_et_pb_use_builder":"","_et_pb_old_content":"","_et_gb_content_width":"","content-type":"","footnotes":""},"categories":[],"tags":[],"dipi_cpt_category":[],"class_list":["post-24699","post","type-post","status-publish","format-standard","has-post-thumbnail","hentry"],"acf":[],"_links":{"self":[{"href":"https:\/\/www.elvendrellturisme.com\/es\/wp-json\/wp\/v2\/posts\/24699","targetHints":{"allow":["GET"]}}],"collection":[{"href":"https:\/\/www.elvendrellturisme.com\/es\/wp-json\/wp\/v2\/posts"}],"about":[{"href":"https:\/\/www.elvendrellturisme.com\/es\/wp-json\/wp\/v2\/types\/post"}],"author":[{"embeddable":true,"href":"https:\/\/www.elvendrellturisme.com\/es\/wp-json\/wp\/v2\/users\/1"}],"replies":[{"embeddable":true,"href":"https:\/\/www.elvendrellturisme.com\/es\/wp-json\/wp\/v2\/comments?post=24699"}],"version-history":[{"count":0,"href":"https:\/\/www.elvendrellturisme.com\/es\/wp-json\/wp\/v2\/posts\/24699\/revisions"}],"wp:featuredmedia":[{"embeddable":true,"href":"https:\/\/www.elvendrellturisme.com\/es\/wp-json\/wp\/v2\/media\/22898"}],"wp:attachment":[{"href":"https:\/\/www.elvendrellturisme.com\/es\/wp-json\/wp\/v2\/media?parent=24699"}],"wp:term":[{"taxonomy":"category","embeddable":true,"href":"https:\/\/www.elvendrellturisme.com\/es\/wp-json\/wp\/v2\/categories?post=24699"},{"taxonomy":"post_tag","embeddable":true,"href":"https:\/\/www.elvendrellturisme.com\/es\/wp-json\/wp\/v2\/tags?post=24699"},{"taxonomy":"dipi_cpt_category","embeddable":true,"href":"https:\/\/www.elvendrellturisme.com\/es\/wp-json\/wp\/v2\/dipi_cpt_category?post=24699"}],"curies":[{"name":"wp","href":"https:\/\/api.w.org\/{rel}","templated":true}]}}