{"id":24702,"date":"2015-07-27T13:44:48","date_gmt":"2015-07-27T13:44:48","guid":{"rendered":"http:\/\/tv.dms3labs.cat\/la-fiesta-pirata-cubas-y-vino-de-san-salvador-aumenta-en-dias-y-actividades-gracias-al-exito-de-la-primera-edicion\/"},"modified":"2015-07-27T13:44:48","modified_gmt":"2015-07-27T13:44:48","slug":"la-fiesta-pirata-cubas-y-vino-de-san-salvador-aumenta-en-dias-y-actividades-gracias-al-exito-de-la-primera-edicion","status":"publish","type":"post","link":"https:\/\/www.elvendrellturisme.com\/es\/la-fiesta-pirata-cubas-y-vino-de-san-salvador-aumenta-en-dias-y-actividades-gracias-al-exito-de-la-primera-edicion\/","title":{"rendered":"La Fiesta pirata, Cubas y Vino de San Salvador aumenta en d\u00edas y actividades gracias al \u00e9xito de la primera edici\u00f3n"},"content":{"rendered":"<p>La Fiesta pirata, Cubas y Vino volver\u00e1 a invadir San Salvador el pr\u00f3ximo fin de semana. El \u00e9xito de la 1\u00aa edici\u00f3n celebrada el a\u00f1o pasado ha hecho que este a\u00f1o, ya petici\u00f3n de los propios participantes, la Fiesta se alargue un d\u00eda m\u00e1s y se lleve a cabo el viernes 31 de julio, el s\u00e1bado 1 y el domingo 2 de agosto.<\/p>\n<p>Adem\u00e1s, incrementar\u00e1 el n\u00famero de puestos de artesan\u00eda y alimentaci\u00f3n, que pasar\u00e1n de 30 a 40, y se har\u00e1n muchas m\u00e1s actividades familiares. El espacio conocido popularmente como &quot;la plaza de las palmeras&quot; del barrio mar\u00edtimo de Sant Salvador volver\u00e1 a ser el epicentro de la Fiesta pirata que, seg\u00fan ha explicado el concejal de Promoci\u00f3n Econ\u00f3mica, Kenneth Mart\u00ednez, &quot;rememorar\u00e1 los ataques de piratas moriscos que hab\u00eda sufrido la playa de Sant Salvador en la \u00e9poca medieval, uno de los motivos por los que se traslad\u00f3 a la poblaci\u00f3n hacia el interior &quot;. Hay que recordar que San Salvador, alrededor de su ermita rom\u00e1nica, fue el origen de El Vendrell que conocemos hoy.<\/p>\n<p>Por otra parte, este a\u00f1o volver\u00e1 a tener una especial presencia el espacio dedicado a los vinos y cavas del Baix Pened\u00e8s, con el que, bajo el t\u00edtulo de Cubas y vino, se quiere recordar el antiguo puerto de San Salvador que, desde del siglo XVIII hasta el primer cuarto del siglo XX, tuvo una importante actividad de exportaci\u00f3n de vino y aguardiente, y de importaci\u00f3n de madera y aros para los toneleros de la zona, entre otros productos. Este a\u00f1o, habr\u00e1 la presencia de los mismos bodegas que el a\u00f1o pasado, ya que todos ellos valoraron muy positivamente la participaci\u00f3n en la Feria.<\/p>\n<p>Con este evento l\u00fadico y festivo, ambientado por la empresa Esfera Servicios Culturales, se ofrece un atractivo m\u00e1s en las playas de El Vendrell en pleno verano, recordando las ra\u00edces hist\u00f3ricas de nuestra poblaci\u00f3n.<\/p>\n<p>El concejal de Promoci\u00f3n Econ\u00f3mica ha invitado a los vendrellenses y vendrellenques ya todos los visitantes veraneantes a participar de la fiesta Pirata y de todas las actividades programadas<\/p>\n","protected":false},"excerpt":{"rendered":"<p>La Fiesta pirata, Cubas y Vino volver\u00e1 a invadir San Salvador el pr\u00f3ximo fin de semana. El \u00e9xito de la 1\u00aa edici\u00f3n celebrada el a\u00f1o pasado ha hecho que este a\u00f1o, ya petici\u00f3n de los propios participantes, la Fiesta se alargue un d\u00eda m\u00e1s y se lleve a cabo el viernes 31 de julio, el [&hellip;]<\/p>\n","protected":false},"author":1,"featured_media":22903,"comment_status":"open","ping_status":"closed","sticky":false,"template":"","format":"standard","meta":{"_acf_changed":false,"_et_pb_use_builder":"","_et_pb_old_content":"","_et_gb_content_width":"","content-type":"","footnotes":""},"categories":[],"tags":[],"dipi_cpt_category":[],"class_list":["post-24702","post","type-post","status-publish","format-standard","has-post-thumbnail","hentry"],"acf":[],"_links":{"self":[{"href":"https:\/\/www.elvendrellturisme.com\/es\/wp-json\/wp\/v2\/posts\/24702","targetHints":{"allow":["GET"]}}],"collection":[{"href":"https:\/\/www.elvendrellturisme.com\/es\/wp-json\/wp\/v2\/posts"}],"about":[{"href":"https:\/\/www.elvendrellturisme.com\/es\/wp-json\/wp\/v2\/types\/post"}],"author":[{"embeddable":true,"href":"https:\/\/www.elvendrellturisme.com\/es\/wp-json\/wp\/v2\/users\/1"}],"replies":[{"embeddable":true,"href":"https:\/\/www.elvendrellturisme.com\/es\/wp-json\/wp\/v2\/comments?post=24702"}],"version-history":[{"count":0,"href":"https:\/\/www.elvendrellturisme.com\/es\/wp-json\/wp\/v2\/posts\/24702\/revisions"}],"wp:featuredmedia":[{"embeddable":true,"href":"https:\/\/www.elvendrellturisme.com\/es\/wp-json\/wp\/v2\/media\/22903"}],"wp:attachment":[{"href":"https:\/\/www.elvendrellturisme.com\/es\/wp-json\/wp\/v2\/media?parent=24702"}],"wp:term":[{"taxonomy":"category","embeddable":true,"href":"https:\/\/www.elvendrellturisme.com\/es\/wp-json\/wp\/v2\/categories?post=24702"},{"taxonomy":"post_tag","embeddable":true,"href":"https:\/\/www.elvendrellturisme.com\/es\/wp-json\/wp\/v2\/tags?post=24702"},{"taxonomy":"dipi_cpt_category","embeddable":true,"href":"https:\/\/www.elvendrellturisme.com\/es\/wp-json\/wp\/v2\/dipi_cpt_category?post=24702"}],"curies":[{"name":"wp","href":"https:\/\/api.w.org\/{rel}","templated":true}]}}