{"id":24703,"date":"2015-07-29T12:50:45","date_gmt":"2015-07-29T12:50:45","guid":{"rendered":"http:\/\/tv.dms3labs.cat\/el-vendrell-recibe-la-certificacion-de-destino-de-turismo-familiar\/"},"modified":"2015-07-29T12:50:45","modified_gmt":"2015-07-29T12:50:45","slug":"el-vendrell-recibe-la-certificacion-de-destino-de-turismo-familiar","status":"publish","type":"post","link":"https:\/\/www.elvendrellturisme.com\/es\/el-vendrell-recibe-la-certificacion-de-destino-de-turismo-familiar\/","title":{"rendered":"El Vendrell recibe la certificaci\u00f3n de Destino de Turismo Familiar"},"content":{"rendered":"<p>Ayer, por la tarde, en el Museo Vil\u00b7la Casals, el consejero de Empresa y Empleo, Felip Puig, presidi\u00f3 el acto que certific\u00f3 el Vendrell como Destino de Turismo Familiar (DTF), en el que le acompa\u00f1aron el alcalde de El Vendrell, Mart\u00ed Carnicer; la concejala de Turismo y presidenta del Consejo Comarcal del Baix Pened\u00e8s, Eva Maria Serrami\u00e0; el director general de la Agencia Catalana de Turismo (ACT), Xavier Espasa; la directora de los Servicios Territoriales del Departamento de Empresa y Empleo en Tarragona, Carme Mansilla, y el c\u00f3nsul general de Jap\u00f3n, Hiroyuki Makiuchi.<\/p>\n<p>En el transcurso de la actas, el alcalde de El Vendrell, Mart\u00ed Carnicer, recibieron de manos del consejero Puig el diploma que acredita el Vendrell como DTF. El consejero y el alcalde tambi\u00e9n entregaron las placas acreditativas a los establecimientos y empresas adheridos al sello DTF. En el caso del Vendrell han sido 32 establecimientos: 10 alojamientos tur\u00edsticos (el 50% del total); 10 restaurantes, 11 establecimientos de actividades culturales, de ocio y de tiempo libre; y 1 oficina de turismo. Con estos cifras se ha superado el m\u00ednimo que la ACT exige para lograr la certificaci\u00f3n de DTF, lo que confirma el alto grado de implicaci\u00f3n del sector tur\u00edstico, p\u00fablico y privado, del municipio en este proyecto.<\/p>\n<p>Los establecimientos de El Vendrell acreditados son: Le Meridien Ra Beach Hotel &#038; Spa, Hotel Nuba Comarruga, Hotel Europe San Salvador, Hotel Playa Mar, Pensi\u00f3n Rovior, Albergue Santa Mar\u00eda del Mar, Camping Vendrell Platja, la vivienda de uso tur\u00edstico La Casa Juanjo; los restaurantes Villa Casals, El Casinet, La Cocina de la Marga, El Xaloquell, Joila, El Ancla 2, Villa de los \u00c1ngeles, Pika Tapa, Casa Pepe Comarruga y Stil; los establecimientos La Balsa, Diver Parque L\u00fadico, Club N\u00e1utico de Coma-ruga, Pitch &#038; Putt El Vendrell, Karting El Vendrell, Aula Acu\u00e1tica de Mas\u00eda Blanca y Oficina de Turismo de Coma-ruga, y los espacios culturales Museo Villa Casals, Teatro \u00c0ngel Guimer\u00e0, Biblioteca Tierra Baja, Auditorio Pau Casals y Museo Deu.<\/p>\n<p>Con esta certificaci\u00f3n, la Agencia Catalana de Turismo sigue apostando por el turismo familiar como uno de sus principales segmentos de mercado. En este sentido, uno de los principales objetivos del sello DTF para un municipio como el Vendrell es su mejor posicionamiento en relaci\u00f3n a otros destinos tur\u00edsticos.<\/p>\n","protected":false},"excerpt":{"rendered":"<p>Ayer, por la tarde, en el Museo Vil\u00b7la Casals, el consejero de Empresa y Empleo, Felip Puig, presidi\u00f3 el acto que certific\u00f3 el Vendrell como Destino de Turismo Familiar (DTF), en el que le acompa\u00f1aron el alcalde de El Vendrell, Mart\u00ed Carnicer; la concejala de Turismo y presidenta del Consejo Comarcal del Baix Pened\u00e8s, Eva [&hellip;]<\/p>\n","protected":false},"author":1,"featured_media":22905,"comment_status":"open","ping_status":"closed","sticky":false,"template":"","format":"standard","meta":{"_acf_changed":false,"_et_pb_use_builder":"","_et_pb_old_content":"","_et_gb_content_width":"","content-type":"","footnotes":""},"categories":[],"tags":[],"dipi_cpt_category":[],"class_list":["post-24703","post","type-post","status-publish","format-standard","has-post-thumbnail","hentry"],"acf":[],"_links":{"self":[{"href":"https:\/\/www.elvendrellturisme.com\/es\/wp-json\/wp\/v2\/posts\/24703","targetHints":{"allow":["GET"]}}],"collection":[{"href":"https:\/\/www.elvendrellturisme.com\/es\/wp-json\/wp\/v2\/posts"}],"about":[{"href":"https:\/\/www.elvendrellturisme.com\/es\/wp-json\/wp\/v2\/types\/post"}],"author":[{"embeddable":true,"href":"https:\/\/www.elvendrellturisme.com\/es\/wp-json\/wp\/v2\/users\/1"}],"replies":[{"embeddable":true,"href":"https:\/\/www.elvendrellturisme.com\/es\/wp-json\/wp\/v2\/comments?post=24703"}],"version-history":[{"count":0,"href":"https:\/\/www.elvendrellturisme.com\/es\/wp-json\/wp\/v2\/posts\/24703\/revisions"}],"wp:featuredmedia":[{"embeddable":true,"href":"https:\/\/www.elvendrellturisme.com\/es\/wp-json\/wp\/v2\/media\/22905"}],"wp:attachment":[{"href":"https:\/\/www.elvendrellturisme.com\/es\/wp-json\/wp\/v2\/media?parent=24703"}],"wp:term":[{"taxonomy":"category","embeddable":true,"href":"https:\/\/www.elvendrellturisme.com\/es\/wp-json\/wp\/v2\/categories?post=24703"},{"taxonomy":"post_tag","embeddable":true,"href":"https:\/\/www.elvendrellturisme.com\/es\/wp-json\/wp\/v2\/tags?post=24703"},{"taxonomy":"dipi_cpt_category","embeddable":true,"href":"https:\/\/www.elvendrellturisme.com\/es\/wp-json\/wp\/v2\/dipi_cpt_category?post=24703"}],"curies":[{"name":"wp","href":"https:\/\/api.w.org\/{rel}","templated":true}]}}