{"id":24706,"date":"2015-08-20T09:58:18","date_gmt":"2015-08-20T09:58:18","guid":{"rendered":"http:\/\/tv.dms3labs.cat\/recordatorio-sobre-el-servicio-de-recogida-de-poda\/"},"modified":"2015-08-20T09:58:18","modified_gmt":"2015-08-20T09:58:18","slug":"recordatorio-sobre-el-servicio-de-recogida-de-poda","status":"publish","type":"post","link":"https:\/\/www.elvendrellturisme.com\/es\/recordatorio-sobre-el-servicio-de-recogida-de-poda\/","title":{"rendered":"Recordatorio sobre el servicio de recogida de poda"},"content":{"rendered":"<p>La mala imagen de bolsas de residuos alrededor de las islas de contenedores en los barrios mar\u00edtimos pone de manifiesto el desconocimiento por parte de la ciudadan\u00eda del servicio de recogida de poda.<\/p>\n<p>Los vertidos incontrolados de restos de poda nos afecta a todos.<\/p>\n<p>En referencia a las im\u00e1genes que se han recibido en el \u00c1rea de Recogida de Residuos del Ayuntamiento de El Vendrell con respecto a las bolsas de residuos alrededor de las islas de contenedores en las calles de los barrios mar\u00edtimos, la concejala Eva Mata manifiesta que &quot;realmente, es una mala imagen tanto para las personas que tienen la segunda residencia y para los veraneantes como para las personas que residen todo el a\u00f1o, pero que se trata m\u00e1s de un desconocimiento del servicio de recogida de poda que de una insuficiente capacidad de los contenedores &quot;.<\/p>\n<p>Una vez analizadas las im\u00e1genes y habiendo hecho las inspecciones oportunas por parte de los t\u00e9cnicos en los lugares concretos, desde el \u00c1rea de Recogida de Residuos se ha llegado a la conclusi\u00f3n de que hay una falta de conocimiento sobre el servicio de recogida de poda basado en el puerta a puerta, que est\u00e1 en funcionamiento desde noviembre de 2014. En la mayor\u00eda de estas bolsas se ha observado restos de este tipo de residuos. Por otra parte, en las mismas im\u00e1genes e inspecciones, se ha comprobado que los contenedores de recogida de basura tienen la capacidad suficiente para que no se ven llenos.<\/p>\n<p>Por lo tanto, se vuelve a hacer un recordatorio a la ciudadan\u00eda referente al servicio de recogida de poda que permite a las personas que pagan la tasa de residuos m\u00e1s elevada (viviendas unifamiliares y aislados) poder disponer de bolsas espec\u00edficas para la poda, ofrecidas por consistorio. Una vez usadas, los usuarios del sistema \u00fanicamente necesitan ponerse en contacto telef\u00f3nico con el Ayuntamiento, desde donde se les indica qu\u00e9 d\u00eda pueden depositar los restos delante de la puerta de su casa para que sean recogidos. Hay que remarcar que el servicio funciona y es efectivo para aquellas personas que hacen un uso correcto. En este sentido, la concejala de Recogida de Residuos, Eva Mata, pide la m\u00e1xima colaboraci\u00f3n de las personas para utilizar este servicio y no hacer vertidos incontrolados &quot;que dan una mala imagen en nuestras calles&quot;.<\/p>\n<p>Para utilizar este servicio hay que dirigirse al Ayuntamiento de El Vendrell o el Centro C\u00edvico de Coma-ruga, donde se facilitan los sacos de recogida de restos de poda y toda la informaci\u00f3n necesaria al respecto. El calendario de recogida de poda es el siguiente:<\/p>\n<p>Lunes: Torreblanca &#8211; Mas\u00eda blanca &#8211; Franc\u00e0s &#8211; Massos<br \/>\nMartes: Comar-ruga &#8211; Brisamar &#8211; San salvador &#8211; Sanatorio<br \/>\nMi\u00e9rcoles: Puig &#8211; Muntanyeta &#8211; Nuevo Vendrell &#8211; Villa &#8211; Mas Levi<br \/>\nJueves: Romani &#8211; Bonavista &#8211; Eden Park &#8211; Oasis<br \/>\nViernes: Brisamar &#8211; Comar-ruga &#8211; San Salvador &#8211; Sanatorio &#8211; Mas Borras &#8211; Mas Astor<\/p>\n<p>Por \u00faltimo, se recuerda que est\u00e1 prohibido abandonar restos de poda en la v\u00eda p\u00fablica, en espacios p\u00fablicos o en zonas r\u00fasticas del municipio; que no se puede depositar la poda en ning\u00fan tipo de contenedor, y que la poda generada por un jardinero se llevar\u00e1 al centro de recogida comarcal o gestor autorizado.<\/p>\n","protected":false},"excerpt":{"rendered":"<p>La mala imagen de bolsas de residuos alrededor de las islas de contenedores en los barrios mar\u00edtimos pone de manifiesto el desconocimiento por parte de la ciudadan\u00eda del servicio de recogida de poda. Los vertidos incontrolados de restos de poda nos afecta a todos. En referencia a las im\u00e1genes que se han recibido en el [&hellip;]<\/p>\n","protected":false},"author":1,"featured_media":22911,"comment_status":"open","ping_status":"closed","sticky":false,"template":"","format":"standard","meta":{"_acf_changed":false,"_et_pb_use_builder":"","_et_pb_old_content":"","_et_gb_content_width":"","content-type":"","footnotes":""},"categories":[],"tags":[],"dipi_cpt_category":[],"class_list":["post-24706","post","type-post","status-publish","format-standard","has-post-thumbnail","hentry"],"acf":[],"_links":{"self":[{"href":"https:\/\/www.elvendrellturisme.com\/es\/wp-json\/wp\/v2\/posts\/24706","targetHints":{"allow":["GET"]}}],"collection":[{"href":"https:\/\/www.elvendrellturisme.com\/es\/wp-json\/wp\/v2\/posts"}],"about":[{"href":"https:\/\/www.elvendrellturisme.com\/es\/wp-json\/wp\/v2\/types\/post"}],"author":[{"embeddable":true,"href":"https:\/\/www.elvendrellturisme.com\/es\/wp-json\/wp\/v2\/users\/1"}],"replies":[{"embeddable":true,"href":"https:\/\/www.elvendrellturisme.com\/es\/wp-json\/wp\/v2\/comments?post=24706"}],"version-history":[{"count":0,"href":"https:\/\/www.elvendrellturisme.com\/es\/wp-json\/wp\/v2\/posts\/24706\/revisions"}],"wp:featuredmedia":[{"embeddable":true,"href":"https:\/\/www.elvendrellturisme.com\/es\/wp-json\/wp\/v2\/media\/22911"}],"wp:attachment":[{"href":"https:\/\/www.elvendrellturisme.com\/es\/wp-json\/wp\/v2\/media?parent=24706"}],"wp:term":[{"taxonomy":"category","embeddable":true,"href":"https:\/\/www.elvendrellturisme.com\/es\/wp-json\/wp\/v2\/categories?post=24706"},{"taxonomy":"post_tag","embeddable":true,"href":"https:\/\/www.elvendrellturisme.com\/es\/wp-json\/wp\/v2\/tags?post=24706"},{"taxonomy":"dipi_cpt_category","embeddable":true,"href":"https:\/\/www.elvendrellturisme.com\/es\/wp-json\/wp\/v2\/dipi_cpt_category?post=24706"}],"curies":[{"name":"wp","href":"https:\/\/api.w.org\/{rel}","templated":true}]}}