{"id":24712,"date":"2015-10-09T12:08:32","date_gmt":"2015-10-09T12:08:32","guid":{"rendered":"http:\/\/tv.dms3labs.cat\/la-media-maraton-de-el-vendrell-mas-solidaria-que-nunca\/"},"modified":"2015-10-09T12:08:32","modified_gmt":"2015-10-09T12:08:32","slug":"la-media-maraton-de-el-vendrell-mas-solidaria-que-nunca","status":"publish","type":"post","link":"https:\/\/www.elvendrellturisme.com\/es\/la-media-maraton-de-el-vendrell-mas-solidaria-que-nunca\/","title":{"rendered":"La Media Marat\u00f3n de El Vendrell, m\u00e1s solidaria que nunca"},"content":{"rendered":"<p>La 29 edici\u00f3n de la Media Marat\u00f3n de El Vendrell se presenta con novedades respecto a ediciones anteriores. En la rueda de prensa que tuvo lugar el pasado 6 de octubre de 2015 en el CEE Garb\u00ed El Vendrell, asistieron el alcalde de El Vendrell, Mart\u00ed Carnicer, el concejal de Deportes, Fernando Trillas, el presidente del Club Runners El Vendrell, Pablo Sanch\u00eds y la directora del CEE Garb\u00ed, Montserrat Bola\u00f1o.<\/p>\n<p>El concejal de Deportes abri\u00f3 el acto agradeciendo a los organizadores, patrocinadores y colaboradores por su implicaci\u00f3n de organizar un evento de estas magnitudes, en el que se necesitan m\u00e1s de 100 voluntarios y con el objetivo claro de recaudar el m\u00e1ximo de dinero posible para poder dotar de equipamientos deportivos en la escuela CEE Garb\u00ed.<\/p>\n<p>Trillas recalc\u00f3 que desde el Patronato Municipal de Deportes est\u00e1 muy satisfecho de que nuevamente una entidad del pueblo vuelva a organizar la Media Marat\u00f3n.<\/p>\n<p>Por su parte, el presidente del Club Runners El Vendrell explic\u00f3 que los adultos, a las 09.30 h, adem\u00e1s de la prueba de la Media Marat\u00f3n, tambi\u00e9n podr\u00e1n correr las pruebas de 10K, 5K. A partir de las 12 h tambi\u00e9n habr\u00e1 carreras infantiles con las distancias (seg\u00fan edad) de 325 m, 800 my 1 milla. La guinda del pastel ser\u00e1 la carrera de 100 metros &quot;specials&quot; para todos los ni\u00f1os y ni\u00f1as con discapacidad funcional que quieran participar. Sanch\u00eds quiso se\u00f1alar que despu\u00e9s de hacer diferentes valoraciones a\u00f1o se ha decidido que todas las carreras se desarrollen con un recorrido urbano, con salida y llegada en La Rambla de El Vendrell y en el caso de la media y la de 10K, se llegar\u00e1 hasta la ctra. San Salvador. Las inscripciones est\u00e1n abiertas hasta el 20 de octubre y se realizar\u00e1n on-line mediante la web: www.mitjadelvendrell.cat<\/p>\n<p>La directora del CEE Garb\u00ed agradeci\u00f3 a todos la implicaci\u00f3n a la hora de organizar un evento de este tipo donde se hace mover a todas entidades del municipio y la cantidad de participantes que se prev\u00e9. Bola\u00f1o felicit\u00f3 la organizaci\u00f3n por todo el esfuerzo y el motivo solidario de este a\u00f1o.<\/p>\n<p>El alcalde de El Vendrell, Mart\u00ed Carnicer manifest\u00f3 que &quot;estamos y tenemos que estar muy orgullosos del municipio que tenemos, que se implica en cualquier acto y sobre todo cuando hablamos de solidaridad. Es un municipio rico culturalmente, hist\u00f3ricamente y es un orgullo de contar con un centro de educaci\u00f3n especial como el CEE Garb\u00ed, \u00fanico centro p\u00fablico de educaci\u00f3n espacial en la provincia de Tarragona hasta el curso pasado &quot;.<\/p>\n<p>Tras la rueda de prensa, se present\u00f3 el video promocional de la 29\u00aa Media Marat\u00f3n de El Vendrell 2015, realizado por la Casa de Oficios.<\/p>\n<p>El recorrido de la Media ser\u00e1:<\/p>\n<p>1\u00aa VUELTA<\/p>\n<p>La Rambla, Prat de la Riba, ctra. Dr. Robert, La Rambla (c.Andorra), Av. Jaume Carner, ctra. San Salvador, (giro antes de entrar en la 1\u00aa rotonda), ctra. San Salvador, av. Riera de la Bisbal, (lateral bajada), Roquetes, av. Catalu\u00f1a, Sant Jordi, av. Riera de la Bisbal (lateral bajada), rotonda del c.Estela, c. Estela, Industria, ctra. Valles, Santa Ana, Estela, Industria, av. Riera de la Bisbal (lateral subida), Av. Jaume Carner, Mar, Om, Cuatro Fuentes, Muralla, Santa Ana, General Prim, Sant Mag\u00ed &#8230;<\/p>\n<p>2\u00aa VUELTA<\/p>\n<p>Ctra. Dr. Robert, La Rambla (c.Andorra), Av. Jaume Carner, ctra. San Salvador, (giro antes de entrar en la 1\u00aa rotonda), ctra. San Salvador, av. Jaume Carner, av. Riera de la Bisbal, (lateral bajada), Roquetes, av. Catalu\u00f1a, Sant Jordi, av. Riera de la Bisbal (lateral bajada), rotonda del c.Estela, c. Estela, Industria, ctra. Valles, Santa Ana, Estela, Industria, av. Riera de la Bisbal (lateral subida), paso por debajo de av. Jaume Carner, Josep Tarradellas, Ram\u00f3n de Abadal, Apel\u00b7les Fenosa (puente del Mercado), Av. Jaume Carner, Mar, Om, Cuatro Fuentes, Muralla, Santa Ana, General Prim, Sant Mag\u00ed, ctra. Dr. Robert, Prat de la Riba y La Rambla.<\/p>\n<p>Se informa a todos los vecinos y usuarios que desde las 9.30 h hasta las 13 h aproximadamente, la circulaci\u00f3n en estas v\u00edas se ver\u00e1 afectada por el desarrollo del acto. Las v\u00edas alternativas para ir al centro de la ciudad, ser\u00e1 por el Tancat y Mas d&#8217;en Gual, el acceso para ir a las playas, Roda de Bar\u00e1, Tarragona &#8230; deber\u00e1 ser por la N340 y para ir hacia Barcelona, \u200b\u200bCalafell &#8230; deber\u00e1 hacerse por la variante o la C51.<\/p>\n","protected":false},"excerpt":{"rendered":"<p>La 29 edici\u00f3n de la Media Marat\u00f3n de El Vendrell se presenta con novedades respecto a ediciones anteriores. En la rueda de prensa que tuvo lugar el pasado 6 de octubre de 2015 en el CEE Garb\u00ed El Vendrell, asistieron el alcalde de El Vendrell, Mart\u00ed Carnicer, el concejal de Deportes, Fernando Trillas, el presidente [&hellip;]<\/p>\n","protected":false},"author":1,"featured_media":22923,"comment_status":"open","ping_status":"closed","sticky":false,"template":"","format":"standard","meta":{"_acf_changed":false,"_et_pb_use_builder":"","_et_pb_old_content":"","_et_gb_content_width":"","content-type":"","footnotes":""},"categories":[],"tags":[],"dipi_cpt_category":[],"class_list":["post-24712","post","type-post","status-publish","format-standard","has-post-thumbnail","hentry"],"acf":[],"_links":{"self":[{"href":"https:\/\/www.elvendrellturisme.com\/es\/wp-json\/wp\/v2\/posts\/24712","targetHints":{"allow":["GET"]}}],"collection":[{"href":"https:\/\/www.elvendrellturisme.com\/es\/wp-json\/wp\/v2\/posts"}],"about":[{"href":"https:\/\/www.elvendrellturisme.com\/es\/wp-json\/wp\/v2\/types\/post"}],"author":[{"embeddable":true,"href":"https:\/\/www.elvendrellturisme.com\/es\/wp-json\/wp\/v2\/users\/1"}],"replies":[{"embeddable":true,"href":"https:\/\/www.elvendrellturisme.com\/es\/wp-json\/wp\/v2\/comments?post=24712"}],"version-history":[{"count":0,"href":"https:\/\/www.elvendrellturisme.com\/es\/wp-json\/wp\/v2\/posts\/24712\/revisions"}],"wp:featuredmedia":[{"embeddable":true,"href":"https:\/\/www.elvendrellturisme.com\/es\/wp-json\/wp\/v2\/media\/22923"}],"wp:attachment":[{"href":"https:\/\/www.elvendrellturisme.com\/es\/wp-json\/wp\/v2\/media?parent=24712"}],"wp:term":[{"taxonomy":"category","embeddable":true,"href":"https:\/\/www.elvendrellturisme.com\/es\/wp-json\/wp\/v2\/categories?post=24712"},{"taxonomy":"post_tag","embeddable":true,"href":"https:\/\/www.elvendrellturisme.com\/es\/wp-json\/wp\/v2\/tags?post=24712"},{"taxonomy":"dipi_cpt_category","embeddable":true,"href":"https:\/\/www.elvendrellturisme.com\/es\/wp-json\/wp\/v2\/dipi_cpt_category?post=24712"}],"curies":[{"name":"wp","href":"https:\/\/api.w.org\/{rel}","templated":true}]}}