{"id":24714,"date":"2015-10-15T10:12:28","date_gmt":"2015-10-15T10:12:28","guid":{"rendered":"http:\/\/tv.dms3labs.cat\/la-familia-bonet-da-la-escultura-pau-casals-de-josep-viladomat-en-el-auditorio-pau-casals\/"},"modified":"2015-10-15T10:12:28","modified_gmt":"2015-10-15T10:12:28","slug":"la-familia-bonet-da-la-escultura-pau-casals-de-josep-viladomat-en-el-auditorio-pau-casals","status":"publish","type":"post","link":"https:\/\/www.elvendrellturisme.com\/es\/la-familia-bonet-da-la-escultura-pau-casals-de-josep-viladomat-en-el-auditorio-pau-casals\/","title":{"rendered":"La familia Bonet da la escultura &#8216;Pau Casals&#8217; de Josep Viladomat en el Auditorio Pau Casals"},"content":{"rendered":"<p>La pieza se instala el domingo en el Auditorio antes del concierto de los pianistas Narc\u00eds Bonet y Jordi Camell y la soprano H\u00e9l\u00e8ne Giraudi\u00e8re.<br \/>\nLa figura de Pau Casals ser\u00e1 la protagonista del concierto que se har\u00e1 en el Auditorio Pau Casals este domingo 18 de octubre, a las 12 del mediod\u00eda. Y lo ser\u00e1 por dos razones importantes. Por un lado, por el acto que se har\u00e1 antes del concierto, a las once y media de la ma\u00f1ana.<br \/>\nEn concreto, en el vest\u00edbulo del Auditorio, se inaugurar\u00e1 la escultura de Josep Viladomat Pau Casals, dada por los hijos del arquitecto Llu\u00eds Bonet i Gar\u00ed (Argentona, Maresme 1.893 -Barcelona 1993). Hay que decir que uno de ellos es, precisamente, Jordi Bonet Armengol, arquitecto del Auditorio Pau Casals.<br \/>\nPor otra parte, el concierto que comenzar\u00e1 las 12 correr\u00e1 a cargo de los pianistas Narc\u00eds Bonet (otro de los hijos de Llu\u00eds Bonet) y Jordi Camell, junto con la soprano H\u00e9l\u00e8ne Giraudier. Estos tres int\u00e9rpretes ofrecer\u00e1n un programa con obras de Pau Casals y del propio Narc\u00eds Bonet.<br \/>\nJordi Camell, pianista, interpretar\u00e1 seis piezas para piano de Pau Casals, entre ellas P\u00e1gina \u00edntima (1898), y Preludio (1946). Jordi Camell (Lloren\u00e7 del Pened\u00e8s) es un pianista de largo recorrido formado en Tarragona, Barcelona, \u200b\u200bPar\u00eds y Londres y dotado de una marcada capacidad de comunicaci\u00f3n y claridad en la exposici\u00f3n art\u00edstica. Ha editado en la World Premiere Recording la Integral para piano de Pau Casals (Columna M\u00fasica, 2012). Jordi Camell desarrolla en paralelo una intensa actividad pedag\u00f3gica. Actualmente es profesor de piano y Jefe del Departamento de M\u00fasica Cl\u00e1sica y Contempor\u00e1nea de la Escuela Superior de M\u00fasica de Catalu\u00f1a (ESMUC)<br \/>\nEn la segunda parte del programa intervendr\u00e1 el pianista Narc\u00eds Bonet, acompa\u00f1ado por la soprano H\u00e9l\u00e8ne Giraudier, e interpretar\u00e1n Cuatro nanas populares catalanas; Diadas de amor, Dos canciones populares catalanas para piano y Haid\u00e9.<br \/>\nNarc\u00eds Bonet naci\u00f3 en Barcelona en 1933. Hizo sus primeros estudios musicales de la mano de Joan Massi\u00e0 (piano con Maria Carbonell), Joan Llongueres y Eduard Toldr\u00e0, el que firm\u00f3 su presentaci\u00f3n al p\u00fablico del Palau de la M\u00fasica Catalana, a 13 a\u00f1os, como pianista y compositor. Su densa trayectoria musical se ha manifestado en el campo de la composici\u00f3n, el acompa\u00f1amiento, la direcci\u00f3n de orquesta, la organizaci\u00f3n, la difusi\u00f3n y la gesti\u00f3n musicales, y particularmente la ense\u00f1anza, sin olvidar su acci\u00f3n constante a lo servicio de la cultura catalana.<br \/>\nNarc\u00eds Bonet ha obtenido varios premios y pedidos de composici\u00f3n. La Rep\u00fablica Francesa le ha conferido el grado de Officier dans la Orden des Arts et des Lettres.<br \/>\nEste concierto forma parte de las actividades dedicadas a Pau Casals que se llevar\u00e1n a cabo la pr\u00f3xima semana en conmemoraci\u00f3n de su traspaso el 22 de octubre de 1973.<\/p>\n","protected":false},"excerpt":{"rendered":"<p>La pieza se instala el domingo en el Auditorio antes del concierto de los pianistas Narc\u00eds Bonet y Jordi Camell y la soprano H\u00e9l\u00e8ne Giraudi\u00e8re. La figura de Pau Casals ser\u00e1 la protagonista del concierto que se har\u00e1 en el Auditorio Pau Casals este domingo 18 de octubre, a las 12 del mediod\u00eda. Y lo [&hellip;]<\/p>\n","protected":false},"author":1,"featured_media":22927,"comment_status":"open","ping_status":"closed","sticky":false,"template":"","format":"standard","meta":{"_acf_changed":false,"_et_pb_use_builder":"","_et_pb_old_content":"","_et_gb_content_width":"","content-type":"","footnotes":""},"categories":[],"tags":[],"dipi_cpt_category":[],"class_list":["post-24714","post","type-post","status-publish","format-standard","has-post-thumbnail","hentry"],"acf":[],"_links":{"self":[{"href":"https:\/\/www.elvendrellturisme.com\/es\/wp-json\/wp\/v2\/posts\/24714","targetHints":{"allow":["GET"]}}],"collection":[{"href":"https:\/\/www.elvendrellturisme.com\/es\/wp-json\/wp\/v2\/posts"}],"about":[{"href":"https:\/\/www.elvendrellturisme.com\/es\/wp-json\/wp\/v2\/types\/post"}],"author":[{"embeddable":true,"href":"https:\/\/www.elvendrellturisme.com\/es\/wp-json\/wp\/v2\/users\/1"}],"replies":[{"embeddable":true,"href":"https:\/\/www.elvendrellturisme.com\/es\/wp-json\/wp\/v2\/comments?post=24714"}],"version-history":[{"count":0,"href":"https:\/\/www.elvendrellturisme.com\/es\/wp-json\/wp\/v2\/posts\/24714\/revisions"}],"wp:featuredmedia":[{"embeddable":true,"href":"https:\/\/www.elvendrellturisme.com\/es\/wp-json\/wp\/v2\/media\/22927"}],"wp:attachment":[{"href":"https:\/\/www.elvendrellturisme.com\/es\/wp-json\/wp\/v2\/media?parent=24714"}],"wp:term":[{"taxonomy":"category","embeddable":true,"href":"https:\/\/www.elvendrellturisme.com\/es\/wp-json\/wp\/v2\/categories?post=24714"},{"taxonomy":"post_tag","embeddable":true,"href":"https:\/\/www.elvendrellturisme.com\/es\/wp-json\/wp\/v2\/tags?post=24714"},{"taxonomy":"dipi_cpt_category","embeddable":true,"href":"https:\/\/www.elvendrellturisme.com\/es\/wp-json\/wp\/v2\/dipi_cpt_category?post=24714"}],"curies":[{"name":"wp","href":"https:\/\/api.w.org\/{rel}","templated":true}]}}