{"id":24716,"date":"2015-10-22T11:03:34","date_gmt":"2015-10-22T11:03:34","guid":{"rendered":"http:\/\/tv.dms3labs.cat\/jornada-de-voluntariado-en-la-renaturalizacion-de-una-parte-de-las-madrigueras\/"},"modified":"2015-10-22T11:03:34","modified_gmt":"2015-10-22T11:03:34","slug":"jornada-de-voluntariado-en-la-renaturalizacion-de-una-parte-de-las-madrigueras","status":"publish","type":"post","link":"https:\/\/www.elvendrellturisme.com\/es\/jornada-de-voluntariado-en-la-renaturalizacion-de-una-parte-de-las-madrigueras\/","title":{"rendered":"Jornada de voluntariado en la renaturalizaci\u00f3n de una parte de las Madrigueras"},"content":{"rendered":"<p>La ejecuci\u00f3n del proyecto de las lagunas de las Madrigueras finaliz\u00f3 el pasado d\u00eda 10 de octubre con una jornada de voluntariado, en el que aproximadamente una treintena de personas, dirigidas por los t\u00e9cnicos del GEVEN, plantaron 400 plantas espec\u00edficas de ambientes h\u00famedos. Ahora s\u00f3lo cabe esperar que el ecosistema evolucione dando forma y vida a las nuevas lagunas, mientras t\u00e9cnicos del GEVEN encargar\u00e1n de hacer un seguimiento de la flora y la fauna y anal\u00edticas de agua.<\/p>\n<p>Desde el GEVEN se valora muy positivamente que la Concejal\u00eda de Medio Ambiente del Ayuntamiento de El Vendrell haya apostado por esta propuesta. El grupo ecologista pone de relieve que estas lagunas son, para el Vendrell y para el Baix Pened\u00e8s, una puerta de entrada no s\u00f3lo al ecologismo, si no a la ecolog\u00eda como ciencia que forma parte de la biolog\u00eda, al educaci\u00f3n ambiental, a otro tipo de turismo ya la recuperaci\u00f3n \u00edntegra de las 30 hect\u00e1reas protegidas de las Madrigueras. Seg\u00fan el GEVEN, &quot;en definitiva, esta actuaci\u00f3n es o puede ser el inicio de una fuente de conocimientos, de vida y de riqueza para un territorio que ha sufrido y sufre los efectos de la urbanizaci\u00f3n masiva y descontrolada&quot;.<\/p>\n<p>La concejala de Medio Ambiente, Eva Mata, tambi\u00e9n ha valorado positivamente el hecho de poder colaborar con el GEVEN en este proyecto para iniciar la conservaci\u00f3n y renaturalizaci\u00f3n de las Madrigueras. Eva Mata manifest\u00f3 que &quot;tenemos la voluntad de seguir llevando adelante este proyecto porque aportar\u00e1 grandes valores ambientales en nuestro municipio, que mantendr\u00e1 nuestra ventana al mar&quot;.<\/p>\n<p>Foto: GEVEN<\/p>\n","protected":false},"excerpt":{"rendered":"<p>La ejecuci\u00f3n del proyecto de las lagunas de las Madrigueras finaliz\u00f3 el pasado d\u00eda 10 de octubre con una jornada de voluntariado, en el que aproximadamente una treintena de personas, dirigidas por los t\u00e9cnicos del GEVEN, plantaron 400 plantas espec\u00edficas de ambientes h\u00famedos. Ahora s\u00f3lo cabe esperar que el ecosistema evolucione dando forma y vida [&hellip;]<\/p>\n","protected":false},"author":1,"featured_media":22931,"comment_status":"open","ping_status":"closed","sticky":false,"template":"","format":"standard","meta":{"_acf_changed":false,"_et_pb_use_builder":"","_et_pb_old_content":"","_et_gb_content_width":"","content-type":"","footnotes":""},"categories":[],"tags":[],"dipi_cpt_category":[],"class_list":["post-24716","post","type-post","status-publish","format-standard","has-post-thumbnail","hentry"],"acf":[],"_links":{"self":[{"href":"https:\/\/www.elvendrellturisme.com\/es\/wp-json\/wp\/v2\/posts\/24716","targetHints":{"allow":["GET"]}}],"collection":[{"href":"https:\/\/www.elvendrellturisme.com\/es\/wp-json\/wp\/v2\/posts"}],"about":[{"href":"https:\/\/www.elvendrellturisme.com\/es\/wp-json\/wp\/v2\/types\/post"}],"author":[{"embeddable":true,"href":"https:\/\/www.elvendrellturisme.com\/es\/wp-json\/wp\/v2\/users\/1"}],"replies":[{"embeddable":true,"href":"https:\/\/www.elvendrellturisme.com\/es\/wp-json\/wp\/v2\/comments?post=24716"}],"version-history":[{"count":0,"href":"https:\/\/www.elvendrellturisme.com\/es\/wp-json\/wp\/v2\/posts\/24716\/revisions"}],"wp:featuredmedia":[{"embeddable":true,"href":"https:\/\/www.elvendrellturisme.com\/es\/wp-json\/wp\/v2\/media\/22931"}],"wp:attachment":[{"href":"https:\/\/www.elvendrellturisme.com\/es\/wp-json\/wp\/v2\/media?parent=24716"}],"wp:term":[{"taxonomy":"category","embeddable":true,"href":"https:\/\/www.elvendrellturisme.com\/es\/wp-json\/wp\/v2\/categories?post=24716"},{"taxonomy":"post_tag","embeddable":true,"href":"https:\/\/www.elvendrellturisme.com\/es\/wp-json\/wp\/v2\/tags?post=24716"},{"taxonomy":"dipi_cpt_category","embeddable":true,"href":"https:\/\/www.elvendrellturisme.com\/es\/wp-json\/wp\/v2\/dipi_cpt_category?post=24716"}],"curies":[{"name":"wp","href":"https:\/\/api.w.org\/{rel}","templated":true}]}}