{"id":24717,"date":"2015-10-22T11:06:15","date_gmt":"2015-10-22T11:06:15","guid":{"rendered":"http:\/\/tv.dms3labs.cat\/innovadora-exposicion-en-el-museo-deu-con-obras-hechas-sobre-pintura-de-cal-y-grafeno\/"},"modified":"2015-10-22T11:06:15","modified_gmt":"2015-10-22T11:06:15","slug":"innovadora-exposicion-en-el-museo-deu-con-obras-hechas-sobre-pintura-de-cal-y-grafeno","status":"publish","type":"post","link":"https:\/\/www.elvendrellturisme.com\/es\/innovadora-exposicion-en-el-museo-deu-con-obras-hechas-sobre-pintura-de-cal-y-grafeno\/","title":{"rendered":"Innovadora exposici\u00f3n en el Museo Deu con obras hechas sobre pintura de cal y grafeno"},"content":{"rendered":"<p>El pr\u00f3ximo 20 de noviembre el Museo Deu inaugurar\u00e1 una innovadora exposici\u00f3n de obras del artista Francisco Valderrama, creador de la Asociaci\u00f3n Proyecto Fresco. La sala de exposiciones temporales acoger\u00e1 un conjunto de obras pict\u00f3ricas creadas con una nueva t\u00e9cnica con pintura de cal y grafeno.<\/p>\n<p>La Asociaci\u00f3n Proyecto Fresco se centra en la difusi\u00f3n de la t\u00e9cnica pict\u00f3rica del Fresco. Es un proyecto sin \u00e1nimo de lucro que tiene como finalidad dar a conocer la pintura al fresco, t\u00e9cnica milenaria, a partir de una serie de tareas que configuran la totalidad del proyecto.<\/p>\n<p>Como acto previo a la exposici\u00f3n, se han organizado una serie de eventos, el primero del cual tendr\u00e1 lugar el pr\u00f3ximo martes d\u00eda 27 de octubre a las siete de la tarde y consistir\u00e1 en una conferencia titulada &quot;El Fresco del Siglo XXI, en la vanguardia del Arte &quot;, a cargo de Julio Garrido, Profesor especialista en t\u00e9cnica al fresco, Presidente del Proyecto Fresco y Director t\u00e9cnico Maestro fresquista.<\/p>\n<p>La novedad de esta exposici\u00f3n radica en la utilizaci\u00f3n del grafeno, en concreto de la pintura de cal con grafeno, ya que este material da a la obra unas cualidades nunca antes contempladas. El grafeno es un al\u00f3tropo del carbono y destaca porque tiene numerosas cualidades: es transparente, flexible, extraordinariamente resistente, impermeable, abundante, econ\u00f3mico y conduce la electricidad mejor que ning\u00fan otro metal conocido. Actualmente, el grafeno est\u00e1 fascinante a la comunidad cient\u00edfica ya la industria debido a sus fant\u00e1sticas propiedades.<\/p>\n<p>El profesor Julio Garrido, en su conferencia, explicar\u00e1 de manera did\u00e1ctica estas cualidades, ya que el grafeno es un elemento innovador que asocia m\u00e1s a otros campos que a lo art\u00edstico, incidiendo en que se trata de una t\u00e9cnica compleja que requiere de un profundo conocimiento en su aplicaci\u00f3n.<\/p>\n","protected":false},"excerpt":{"rendered":"<p>El pr\u00f3ximo 20 de noviembre el Museo Deu inaugurar\u00e1 una innovadora exposici\u00f3n de obras del artista Francisco Valderrama, creador de la Asociaci\u00f3n Proyecto Fresco. La sala de exposiciones temporales acoger\u00e1 un conjunto de obras pict\u00f3ricas creadas con una nueva t\u00e9cnica con pintura de cal y grafeno. La Asociaci\u00f3n Proyecto Fresco se centra en la difusi\u00f3n [&hellip;]<\/p>\n","protected":false},"author":1,"featured_media":22933,"comment_status":"open","ping_status":"closed","sticky":false,"template":"","format":"standard","meta":{"_acf_changed":false,"_et_pb_use_builder":"","_et_pb_old_content":"","_et_gb_content_width":"","content-type":"","footnotes":""},"categories":[],"tags":[],"dipi_cpt_category":[],"class_list":["post-24717","post","type-post","status-publish","format-standard","has-post-thumbnail","hentry"],"acf":[],"_links":{"self":[{"href":"https:\/\/www.elvendrellturisme.com\/es\/wp-json\/wp\/v2\/posts\/24717","targetHints":{"allow":["GET"]}}],"collection":[{"href":"https:\/\/www.elvendrellturisme.com\/es\/wp-json\/wp\/v2\/posts"}],"about":[{"href":"https:\/\/www.elvendrellturisme.com\/es\/wp-json\/wp\/v2\/types\/post"}],"author":[{"embeddable":true,"href":"https:\/\/www.elvendrellturisme.com\/es\/wp-json\/wp\/v2\/users\/1"}],"replies":[{"embeddable":true,"href":"https:\/\/www.elvendrellturisme.com\/es\/wp-json\/wp\/v2\/comments?post=24717"}],"version-history":[{"count":0,"href":"https:\/\/www.elvendrellturisme.com\/es\/wp-json\/wp\/v2\/posts\/24717\/revisions"}],"wp:featuredmedia":[{"embeddable":true,"href":"https:\/\/www.elvendrellturisme.com\/es\/wp-json\/wp\/v2\/media\/22933"}],"wp:attachment":[{"href":"https:\/\/www.elvendrellturisme.com\/es\/wp-json\/wp\/v2\/media?parent=24717"}],"wp:term":[{"taxonomy":"category","embeddable":true,"href":"https:\/\/www.elvendrellturisme.com\/es\/wp-json\/wp\/v2\/categories?post=24717"},{"taxonomy":"post_tag","embeddable":true,"href":"https:\/\/www.elvendrellturisme.com\/es\/wp-json\/wp\/v2\/tags?post=24717"},{"taxonomy":"dipi_cpt_category","embeddable":true,"href":"https:\/\/www.elvendrellturisme.com\/es\/wp-json\/wp\/v2\/dipi_cpt_category?post=24717"}],"curies":[{"name":"wp","href":"https:\/\/api.w.org\/{rel}","templated":true}]}}