{"id":24719,"date":"2015-10-24T11:12:49","date_gmt":"2015-10-24T11:12:49","guid":{"rendered":"http:\/\/tv.dms3labs.cat\/el-vendrell-esta-presente-en-la-feria-de-andorra-la-vella\/"},"modified":"2015-10-24T11:12:49","modified_gmt":"2015-10-24T11:12:49","slug":"el-vendrell-esta-presente-en-la-feria-de-andorra-la-vella","status":"publish","type":"post","link":"https:\/\/www.elvendrellturisme.com\/es\/el-vendrell-esta-presente-en-la-feria-de-andorra-la-vella\/","title":{"rendered":"El Vendrell est\u00e1 presente en la Feria de Andorra la Vella"},"content":{"rendered":"<p>En el marco del convenio de colaboraci\u00f3n de promoci\u00f3n tur\u00edstica que se firm\u00f3 en la pasada Feria de Santa Teresa, el Patronato Municipal de Turismo del Vendrell est\u00e1 presente en la Feria de Andorra la Vella, que este a\u00f1o se celebrar\u00e1 los d\u00edas 23, 24 y 25 de octubre, con el fin de promocionar la capital del Baix Pened\u00e8s y captar el turismo andorrano.<\/p>\n<p>La presencia en esta feria tambi\u00e9n se aprovecha para saludar a las personas que ya conocen nuestro destino y fidelizar al turista andorrano.<\/p>\n","protected":false},"excerpt":{"rendered":"<p>En el marco del convenio de colaboraci\u00f3n de promoci\u00f3n tur\u00edstica que se firm\u00f3 en la pasada Feria de Santa Teresa, el Patronato Municipal de Turismo del Vendrell est\u00e1 presente en la Feria de Andorra la Vella, que este a\u00f1o se celebrar\u00e1 los d\u00edas 23, 24 y 25 de octubre, con el fin de promocionar la [&hellip;]<\/p>\n","protected":false},"author":1,"featured_media":22937,"comment_status":"open","ping_status":"closed","sticky":false,"template":"","format":"standard","meta":{"_acf_changed":false,"_et_pb_use_builder":"","_et_pb_old_content":"","_et_gb_content_width":"","content-type":"","footnotes":""},"categories":[],"tags":[],"dipi_cpt_category":[],"class_list":["post-24719","post","type-post","status-publish","format-standard","has-post-thumbnail","hentry"],"acf":[],"_links":{"self":[{"href":"https:\/\/www.elvendrellturisme.com\/es\/wp-json\/wp\/v2\/posts\/24719","targetHints":{"allow":["GET"]}}],"collection":[{"href":"https:\/\/www.elvendrellturisme.com\/es\/wp-json\/wp\/v2\/posts"}],"about":[{"href":"https:\/\/www.elvendrellturisme.com\/es\/wp-json\/wp\/v2\/types\/post"}],"author":[{"embeddable":true,"href":"https:\/\/www.elvendrellturisme.com\/es\/wp-json\/wp\/v2\/users\/1"}],"replies":[{"embeddable":true,"href":"https:\/\/www.elvendrellturisme.com\/es\/wp-json\/wp\/v2\/comments?post=24719"}],"version-history":[{"count":0,"href":"https:\/\/www.elvendrellturisme.com\/es\/wp-json\/wp\/v2\/posts\/24719\/revisions"}],"wp:featuredmedia":[{"embeddable":true,"href":"https:\/\/www.elvendrellturisme.com\/es\/wp-json\/wp\/v2\/media\/22937"}],"wp:attachment":[{"href":"https:\/\/www.elvendrellturisme.com\/es\/wp-json\/wp\/v2\/media?parent=24719"}],"wp:term":[{"taxonomy":"category","embeddable":true,"href":"https:\/\/www.elvendrellturisme.com\/es\/wp-json\/wp\/v2\/categories?post=24719"},{"taxonomy":"post_tag","embeddable":true,"href":"https:\/\/www.elvendrellturisme.com\/es\/wp-json\/wp\/v2\/tags?post=24719"},{"taxonomy":"dipi_cpt_category","embeddable":true,"href":"https:\/\/www.elvendrellturisme.com\/es\/wp-json\/wp\/v2\/dipi_cpt_category?post=24719"}],"curies":[{"name":"wp","href":"https:\/\/api.w.org\/{rel}","templated":true}]}}