{"id":24720,"date":"2015-10-29T12:03:16","date_gmt":"2015-10-29T12:03:16","guid":{"rendered":"http:\/\/tv.dms3labs.cat\/el-vendrell-renueva-por-segunda-vez-la-homologacion-de-destino-turistico-senior-europea\/"},"modified":"2015-10-29T12:03:16","modified_gmt":"2015-10-29T12:03:16","slug":"el-vendrell-renueva-por-segunda-vez-la-homologacion-de-destino-turistico-senior-europea","status":"publish","type":"post","link":"https:\/\/www.elvendrellturisme.com\/es\/el-vendrell-renueva-por-segunda-vez-la-homologacion-de-destino-turistico-senior-europea\/","title":{"rendered":"El Vendrell renueva por segunda vez la homologaci\u00f3n de Destino Tur\u00edstico Senior Europea"},"content":{"rendered":"<p>El Vendrell ha renovado, por segundo a\u00f1o consecutivo, la homologaci\u00f3n de Destino Tur\u00edstico Senior Europea. Una vez m\u00e1s, tambi\u00e9n ha habido un proceso de selecci\u00f3n donde se exig\u00edan cumplir unos requisitos para poder garantizar una comercializaci\u00f3n adecuada de los paquetes tur\u00edsticos donde los seniors son el eje principal.<\/p>\n<p>Este programa, que gestiona SEGITTUR, tiene un programa de viajes para la temporada baja para mayores de 55 a\u00f1os residentes en la Uni\u00f3n Europea. Tal y como se inici\u00f3 la temporada pasada, se sigue el modelo de colaboraci\u00f3n entre el sector p\u00fablico y el privado. Se trabaja de forma coordinada entre el Ministerio de Industria, los destinos y el sector tur\u00edstico, creando un programa completo con experiencias singulares.<\/p>\n<p>Los turistas que visitaron el Vendrell en la \u00faltima campa\u00f1a valoraron muy positivamente la singularidad de la oferta propuesta, junto con la acogida recibida por parte de todas las personas que los atendieron. Las actividades que se ofrecieron fueron: tomar parte en un ensayo de castillos de los Ni\u00f1os El Vendrell, aprender a hacer xat\u00f3 con un maestro xatonaire, degustar los vinos locales, visita a los museos y conocer en profundidad la figura del Maestro Pablo Casals.<\/p>\n<p>Este proyecto llevar la l\u00ednea de la iniciativa de la Comisi\u00f3n Europea &quot;senior tourism&quot;, que contribuye en alargar y desestacionalizar las temporadas tur\u00edsticas, con el objetivo de promover puestos de trabajo y de mejorar la calidad de vida de las personas mayores.<\/p>\n<p>El programa que ofrecer\u00e1 el Vendrell se comercializar\u00e1 en 17 pa\u00edses de la Uni\u00f3n Europea: Polonia, Rep\u00fablica Checa, Eslovaquia, Rumania, Bulgaria, Finlandia, Francia, Reino Unido, Suecia, Italia, Grecia, Austria, Irlanda, Portugal, Lituania, Hungr\u00eda y Alemania.<\/p>\n","protected":false},"excerpt":{"rendered":"<p>El Vendrell ha renovado, por segundo a\u00f1o consecutivo, la homologaci\u00f3n de Destino Tur\u00edstico Senior Europea. Una vez m\u00e1s, tambi\u00e9n ha habido un proceso de selecci\u00f3n donde se exig\u00edan cumplir unos requisitos para poder garantizar una comercializaci\u00f3n adecuada de los paquetes tur\u00edsticos donde los seniors son el eje principal. Este programa, que gestiona SEGITTUR, tiene un [&hellip;]<\/p>\n","protected":false},"author":1,"featured_media":22939,"comment_status":"open","ping_status":"closed","sticky":false,"template":"","format":"standard","meta":{"_acf_changed":false,"_et_pb_use_builder":"","_et_pb_old_content":"","_et_gb_content_width":"","content-type":"","footnotes":""},"categories":[],"tags":[],"dipi_cpt_category":[],"class_list":["post-24720","post","type-post","status-publish","format-standard","has-post-thumbnail","hentry"],"acf":[],"_links":{"self":[{"href":"https:\/\/www.elvendrellturisme.com\/es\/wp-json\/wp\/v2\/posts\/24720","targetHints":{"allow":["GET"]}}],"collection":[{"href":"https:\/\/www.elvendrellturisme.com\/es\/wp-json\/wp\/v2\/posts"}],"about":[{"href":"https:\/\/www.elvendrellturisme.com\/es\/wp-json\/wp\/v2\/types\/post"}],"author":[{"embeddable":true,"href":"https:\/\/www.elvendrellturisme.com\/es\/wp-json\/wp\/v2\/users\/1"}],"replies":[{"embeddable":true,"href":"https:\/\/www.elvendrellturisme.com\/es\/wp-json\/wp\/v2\/comments?post=24720"}],"version-history":[{"count":0,"href":"https:\/\/www.elvendrellturisme.com\/es\/wp-json\/wp\/v2\/posts\/24720\/revisions"}],"wp:featuredmedia":[{"embeddable":true,"href":"https:\/\/www.elvendrellturisme.com\/es\/wp-json\/wp\/v2\/media\/22939"}],"wp:attachment":[{"href":"https:\/\/www.elvendrellturisme.com\/es\/wp-json\/wp\/v2\/media?parent=24720"}],"wp:term":[{"taxonomy":"category","embeddable":true,"href":"https:\/\/www.elvendrellturisme.com\/es\/wp-json\/wp\/v2\/categories?post=24720"},{"taxonomy":"post_tag","embeddable":true,"href":"https:\/\/www.elvendrellturisme.com\/es\/wp-json\/wp\/v2\/tags?post=24720"},{"taxonomy":"dipi_cpt_category","embeddable":true,"href":"https:\/\/www.elvendrellturisme.com\/es\/wp-json\/wp\/v2\/dipi_cpt_category?post=24720"}],"curies":[{"name":"wp","href":"https:\/\/api.w.org\/{rel}","templated":true}]}}