{"id":24721,"date":"2015-11-12T10:59:37","date_gmt":"2015-11-12T10:59:37","guid":{"rendered":"http:\/\/tv.dms3labs.cat\/el-vendrell-opta-a-nuevos-certificados-turisticos\/"},"modified":"2015-11-12T10:59:37","modified_gmt":"2015-11-12T10:59:37","slug":"el-vendrell-opta-a-nuevos-certificados-turisticos","status":"publish","type":"post","link":"https:\/\/www.elvendrellturisme.com\/es\/el-vendrell-opta-a-nuevos-certificados-turisticos\/","title":{"rendered":"El Vendrell opta a nuevos certificados tur\u00edsticos"},"content":{"rendered":"<p>El objetivo es desestacionalizar el sector y mejorar el empleo en establecimientos tur\u00edsticos.<\/p>\n<p>Despu\u00e9s de recibir el certificado de Destino de Turismo Familiar y de renovar la homologaci\u00f3n de Destino Tur\u00edstico Senior Europea, el Vendrell opta a nuevas certificaciones para dar valor a los atractivos y el patrimonio del municipio para conseguir un mejor posicionamiento y atraer turismo todo el a\u00f1o .<\/p>\n<p>Desde la Concejal\u00eda de Turismo apuesta por dos grandes l\u00edneas de actuaci\u00f3n. Por un lado, habr\u00eda la obtenci\u00f3n de m\u00e1s certificados: cultural, deportivo y enol\u00f3gico. Y, por otra parte, se debe trabajar en la construcci\u00f3n de una marca de ciudad para asociar el nombre de El Vendrell con sus atractivos, valores, patrimonio, paisaje, etc. En cuanto a la cultura, se debe trabajar en cuatro ejes: la m\u00fasica, con Pau Casals; la literatura, con \u00c0ngel Guimer\u00e0, el arte, con Apel\u00b7les Fenosa, y la cultura popular. Seg\u00fan la concejala de Cultura, Fiestas y Turismo, Eva M. Serrami\u00e0, &quot;tenemos que poner en valor nuestro patrimonio y aprovechar la relaci\u00f3n de nuestro municipio con personajes reconocidos internacionalmente, as\u00ed como la riqueza en entidades y el dinamismo asociativo, para desarrollar l\u00edneas de actuaci\u00f3n, como ya se hace en otros pa\u00edses, con el objetivo de dinamizar la econom\u00eda local &quot;. En relaci\u00f3n con el mundo del vino, que es un sector que cada vez atrae m\u00e1s cantidad de visitantes, Eva M. Serrami\u00e0 tambi\u00e9n cree que se debe apostar: &quot;Tenemos que ponernos dentro del Consorcio de Enoturismo Pened\u00e8s para conseguir una mejor promoci\u00f3n y dar una mayor visibilidad a nuestras bodegas &quot;. Y respecto a la vertiente deportivo, que tambi\u00e9n moviliza un importante volumen de personas para la participaci\u00f3n en competiciones de diferentes deportes federados y en eventos populares, El Vendrell tiene una amplia agenda de actividades y cuenta con un importante n\u00famero de equipamientos, &quot;alguno de los que se han de mejorar y, por ello, debemos aprovechar el hecho de ser una sede de los Juegos Mediterr\u00e1neos Tarragona 2017 &quot;, puntualiza la concejala.<\/p>\n<p>En conjunto, se trata de diversificar la oferta y complementar el turismo de sol y playa, de ofrecer al visitante poder vivir experiencias &quot;que es el cada vez m\u00e1s se valora a la hora de buscar un destino para pasar unos d\u00edas de vacaciones &quot;, manifiesta la concejala. El trabajo coordinado con el sector privado y con las entidades del municipio para ampliar y reforzar algunas de las iniciativas que ya se est\u00e1n haciendo, como por ejemplo poder participar en un taller de hacer chato, ver un ensayo de castillos, disfrutar de la actuaci\u00f3n de un grupo fuego o de bailes populares en los alojamientos tur\u00edsticos, etc.<\/p>\n<p>Siendo conscientes de que, en su mayor\u00eda, la ocupaci\u00f3n tur\u00edstica gira alrededor de las segundas residencias, llegando a triplicar la poblaci\u00f3n en las semanas punta del verano (140.000 habitantes), el objetivo de todo ello es mejorarla en alojamientos tur\u00edsticos ( hoteles, campings, albergue), ya que en los \u00faltimos tres a\u00f1os se ha notado una ligera disminuci\u00f3n, aunque hay que decir que se mantienen ocupaciones entre el 80% y el 90%, siendo m\u00e1s altas en agosto. En este sentido, Eva M. Serrami\u00e0 pone sobre la mesa que &quot;existe la voluntad de incrementar el n\u00famero de plazas de hotel en la revisi\u00f3n del planeamiento urban\u00edstico que se tiene previsto realizar en este mandato&quot;. Actualmente, en El Vendrell hay 10 hoteles que suman alrededor de 1.300 habitaciones.<\/p>\n","protected":false},"excerpt":{"rendered":"<p>El objetivo es desestacionalizar el sector y mejorar el empleo en establecimientos tur\u00edsticos. Despu\u00e9s de recibir el certificado de Destino de Turismo Familiar y de renovar la homologaci\u00f3n de Destino Tur\u00edstico Senior Europea, el Vendrell opta a nuevas certificaciones para dar valor a los atractivos y el patrimonio del municipio para conseguir un mejor posicionamiento [&hellip;]<\/p>\n","protected":false},"author":1,"featured_media":22941,"comment_status":"open","ping_status":"closed","sticky":false,"template":"","format":"standard","meta":{"_acf_changed":false,"_et_pb_use_builder":"","_et_pb_old_content":"","_et_gb_content_width":"","content-type":"","footnotes":""},"categories":[],"tags":[],"dipi_cpt_category":[],"class_list":["post-24721","post","type-post","status-publish","format-standard","has-post-thumbnail","hentry"],"acf":[],"_links":{"self":[{"href":"https:\/\/www.elvendrellturisme.com\/es\/wp-json\/wp\/v2\/posts\/24721","targetHints":{"allow":["GET"]}}],"collection":[{"href":"https:\/\/www.elvendrellturisme.com\/es\/wp-json\/wp\/v2\/posts"}],"about":[{"href":"https:\/\/www.elvendrellturisme.com\/es\/wp-json\/wp\/v2\/types\/post"}],"author":[{"embeddable":true,"href":"https:\/\/www.elvendrellturisme.com\/es\/wp-json\/wp\/v2\/users\/1"}],"replies":[{"embeddable":true,"href":"https:\/\/www.elvendrellturisme.com\/es\/wp-json\/wp\/v2\/comments?post=24721"}],"version-history":[{"count":0,"href":"https:\/\/www.elvendrellturisme.com\/es\/wp-json\/wp\/v2\/posts\/24721\/revisions"}],"wp:featuredmedia":[{"embeddable":true,"href":"https:\/\/www.elvendrellturisme.com\/es\/wp-json\/wp\/v2\/media\/22941"}],"wp:attachment":[{"href":"https:\/\/www.elvendrellturisme.com\/es\/wp-json\/wp\/v2\/media?parent=24721"}],"wp:term":[{"taxonomy":"category","embeddable":true,"href":"https:\/\/www.elvendrellturisme.com\/es\/wp-json\/wp\/v2\/categories?post=24721"},{"taxonomy":"post_tag","embeddable":true,"href":"https:\/\/www.elvendrellturisme.com\/es\/wp-json\/wp\/v2\/tags?post=24721"},{"taxonomy":"dipi_cpt_category","embeddable":true,"href":"https:\/\/www.elvendrellturisme.com\/es\/wp-json\/wp\/v2\/dipi_cpt_category?post=24721"}],"curies":[{"name":"wp","href":"https:\/\/api.w.org\/{rel}","templated":true}]}}