{"id":24722,"date":"2015-11-18T10:47:02","date_gmt":"2015-11-18T10:47:02","guid":{"rendered":"http:\/\/tv.dms3labs.cat\/reconstruccion-historica-de-la-epoca-iberica-en-la-plaza-nueva\/"},"modified":"2015-11-18T10:47:02","modified_gmt":"2015-11-18T10:47:02","slug":"reconstruccion-historica-de-la-epoca-iberica-en-la-plaza-nueva","status":"publish","type":"post","link":"https:\/\/www.elvendrellturisme.com\/es\/reconstruccion-historica-de-la-epoca-iberica-en-la-plaza-nueva\/","title":{"rendered":"Reconstrucci\u00f3n hist\u00f3rica de la \u00e9poca ib\u00e9rica en la plaza Nueva"},"content":{"rendered":"<p>El pr\u00f3ximo s\u00e1bado 21 de noviembre, a las 12h, en la plaza Nueva de El Vendrell, tendr\u00e1 lugar una reconstrucci\u00f3n hist\u00f3rica de la \u00e9poca ib\u00e9rica con motivo de la celebraci\u00f3n de la 20\u00aa Semana de la Ciencia.<br \/>\nA partir de la recreaci\u00f3n con diferentes personajes, a cargo de Ibercalafell, se podr\u00e1 ver c\u00f3mo vest\u00edan, su diversidad, qu\u00e9 problemas ten\u00edan y c\u00f3mo se relacionaban.<br \/>\nEl objetivo de la actividad es demostrar que gracias a la ciencia de la arqueolog\u00eda podemos saber c\u00f3mo eran nuestros antepasados y c\u00f3mo viv\u00edan hace m\u00e1s de dos mil a\u00f1os.<br \/>\nEn caso de lluvia, la actividad se realizar\u00e1 en el Museo Deu.<\/p>\n","protected":false},"excerpt":{"rendered":"<p>El pr\u00f3ximo s\u00e1bado 21 de noviembre, a las 12h, en la plaza Nueva de El Vendrell, tendr\u00e1 lugar una reconstrucci\u00f3n hist\u00f3rica de la \u00e9poca ib\u00e9rica con motivo de la celebraci\u00f3n de la 20\u00aa Semana de la Ciencia. A partir de la recreaci\u00f3n con diferentes personajes, a cargo de Ibercalafell, se podr\u00e1 ver c\u00f3mo vest\u00edan, su [&hellip;]<\/p>\n","protected":false},"author":1,"featured_media":22943,"comment_status":"open","ping_status":"closed","sticky":false,"template":"","format":"standard","meta":{"_acf_changed":false,"_et_pb_use_builder":"","_et_pb_old_content":"","_et_gb_content_width":"","content-type":"","footnotes":""},"categories":[],"tags":[],"dipi_cpt_category":[],"class_list":["post-24722","post","type-post","status-publish","format-standard","has-post-thumbnail","hentry"],"acf":[],"_links":{"self":[{"href":"https:\/\/www.elvendrellturisme.com\/es\/wp-json\/wp\/v2\/posts\/24722","targetHints":{"allow":["GET"]}}],"collection":[{"href":"https:\/\/www.elvendrellturisme.com\/es\/wp-json\/wp\/v2\/posts"}],"about":[{"href":"https:\/\/www.elvendrellturisme.com\/es\/wp-json\/wp\/v2\/types\/post"}],"author":[{"embeddable":true,"href":"https:\/\/www.elvendrellturisme.com\/es\/wp-json\/wp\/v2\/users\/1"}],"replies":[{"embeddable":true,"href":"https:\/\/www.elvendrellturisme.com\/es\/wp-json\/wp\/v2\/comments?post=24722"}],"version-history":[{"count":0,"href":"https:\/\/www.elvendrellturisme.com\/es\/wp-json\/wp\/v2\/posts\/24722\/revisions"}],"wp:featuredmedia":[{"embeddable":true,"href":"https:\/\/www.elvendrellturisme.com\/es\/wp-json\/wp\/v2\/media\/22943"}],"wp:attachment":[{"href":"https:\/\/www.elvendrellturisme.com\/es\/wp-json\/wp\/v2\/media?parent=24722"}],"wp:term":[{"taxonomy":"category","embeddable":true,"href":"https:\/\/www.elvendrellturisme.com\/es\/wp-json\/wp\/v2\/categories?post=24722"},{"taxonomy":"post_tag","embeddable":true,"href":"https:\/\/www.elvendrellturisme.com\/es\/wp-json\/wp\/v2\/tags?post=24722"},{"taxonomy":"dipi_cpt_category","embeddable":true,"href":"https:\/\/www.elvendrellturisme.com\/es\/wp-json\/wp\/v2\/dipi_cpt_category?post=24722"}],"curies":[{"name":"wp","href":"https:\/\/api.w.org\/{rel}","templated":true}]}}