{"id":24726,"date":"2015-12-04T12:42:38","date_gmt":"2015-12-04T12:42:38","guid":{"rendered":"http:\/\/tv.dms3labs.cat\/ruta-pau-casals-con-audicion-de-organo-en-el-vendrell-el-proximo-12-de-diciembre-dentro-de-la-ruta-del-paisaje-de-los-genios\/"},"modified":"2015-12-04T12:42:38","modified_gmt":"2015-12-04T12:42:38","slug":"ruta-pau-casals-con-audicion-de-organo-en-el-vendrell-el-proximo-12-de-diciembre-dentro-de-la-ruta-del-paisaje-de-los-genios","status":"publish","type":"post","link":"https:\/\/www.elvendrellturisme.com\/es\/ruta-pau-casals-con-audicion-de-organo-en-el-vendrell-el-proximo-12-de-diciembre-dentro-de-la-ruta-del-paisaje-de-los-genios\/","title":{"rendered":"&quot;Ruta Pau Casals con audici\u00f3n de \u00f3rgano en el Vendrell&quot;, el pr\u00f3ximo 12 de diciembre dentro de la Ruta del Paisaje de los Genios"},"content":{"rendered":"<p>Los &quot;S\u00e1bados de oto\u00f1o&quot; de la Ruta del Paisaje de los Genios proponen la &quot;Ruta Pau Casals con audici\u00f3n de \u00f3rgano en el Vendrell&quot; que tendr\u00e1 lugar el s\u00e1bado 12 de diciembre y para la que las inscripciones est\u00e1n abiertas. La actividad comenzar\u00e1 a las 10.00 horas y consiste en una ruta cultural para conocer los espacios vitales de Pau Casals y disfrutar de la m\u00fasica en directo del \u00f3rgano barroco de la iglesia de El Vendrell.<\/p>\n<p>El recorrido se inicia en la Casa Nadiua, donde conocer el ambiente familiar y humilde en el que Pau Casals vivi\u00f3 los primeros a\u00f1os de su ni\u00f1ez as\u00ed como su vinculaci\u00f3n con los movimientos culturales y sociales de la ciudad de El Vendrell del \u00e9poca, encabezados por el dramaturgo \u00c0ngel Guimer\u00e0. Seguidamente se visitar\u00e1 la iglesia de El Vendrell donde se podr\u00e1 ver de cerca como es el funcionamiento del \u00f3rgano barroco, recientemente restaurado, y disfrutar en directo de su m\u00fasica. Al finalizar, se visitar\u00e0el Museo Pau Casals, ubicado en la casa de veraneo que Pau Casals se hizo construir frente al mar, en la playa de Sant Salvador, ahora convertida en un moderno museo donde la m\u00fasica y los audiovisuales har\u00e1n revivir los momentos m\u00e1s emocionantes de la vida de este gran violonchelista internacional.<\/p>\n<p>El precio de la actividad es de 8 \u20ac por persona e incluye los desplazamientos que se realizar\u00e1n en autocar entre los puntos del itinerario.<\/p>\n<p>Para redondear el d\u00eda, al terminar la actividad a las 13.30 horas, los participantes tienen la oportunidad de disfrutar de un &quot;Comida Genial&quot; para degustar la t\u00edpica Xatonada El Vendrell en el Restaurante Villa Casals, colaborador del Paisaje de los genios.<\/p>\n<p>Para participar en la ruta es imprescindible la inscripci\u00f3n previa en:<\/p>\n<p>Museo Pau Casals: museu@paucasals.org o al tel\u00e9fono 977 684 276<\/p>\n<p>Las inscripciones se har\u00e1n por orden de llegada. Las plazas son limitadas<\/p>\n<p>Esta actividad, organizada por el Paisaje de los Genios, Marie Nadiua, Amigos del \u00d3rgano de El Vendrell, Museo Pau Casals y el Patronato de Turismo del Vendrell; es la cuarta y \u00faltima del ciclo &quot;S\u00e1bados de oto\u00f1o&quot; de la Ruta del Paisaje de los Genios tras las celebradas en Mont-roig, Horta y Reus.<\/p>\n","protected":false},"excerpt":{"rendered":"<p>Los &quot;S\u00e1bados de oto\u00f1o&quot; de la Ruta del Paisaje de los Genios proponen la &quot;Ruta Pau Casals con audici\u00f3n de \u00f3rgano en el Vendrell&quot; que tendr\u00e1 lugar el s\u00e1bado 12 de diciembre y para la que las inscripciones est\u00e1n abiertas. La actividad comenzar\u00e1 a las 10.00 horas y consiste en una ruta cultural para conocer [&hellip;]<\/p>\n","protected":false},"author":1,"featured_media":22951,"comment_status":"open","ping_status":"closed","sticky":false,"template":"","format":"standard","meta":{"_acf_changed":false,"_et_pb_use_builder":"","_et_pb_old_content":"","_et_gb_content_width":"","content-type":"","footnotes":""},"categories":[],"tags":[],"dipi_cpt_category":[],"class_list":["post-24726","post","type-post","status-publish","format-standard","has-post-thumbnail","hentry"],"acf":[],"_links":{"self":[{"href":"https:\/\/www.elvendrellturisme.com\/es\/wp-json\/wp\/v2\/posts\/24726","targetHints":{"allow":["GET"]}}],"collection":[{"href":"https:\/\/www.elvendrellturisme.com\/es\/wp-json\/wp\/v2\/posts"}],"about":[{"href":"https:\/\/www.elvendrellturisme.com\/es\/wp-json\/wp\/v2\/types\/post"}],"author":[{"embeddable":true,"href":"https:\/\/www.elvendrellturisme.com\/es\/wp-json\/wp\/v2\/users\/1"}],"replies":[{"embeddable":true,"href":"https:\/\/www.elvendrellturisme.com\/es\/wp-json\/wp\/v2\/comments?post=24726"}],"version-history":[{"count":0,"href":"https:\/\/www.elvendrellturisme.com\/es\/wp-json\/wp\/v2\/posts\/24726\/revisions"}],"wp:featuredmedia":[{"embeddable":true,"href":"https:\/\/www.elvendrellturisme.com\/es\/wp-json\/wp\/v2\/media\/22951"}],"wp:attachment":[{"href":"https:\/\/www.elvendrellturisme.com\/es\/wp-json\/wp\/v2\/media?parent=24726"}],"wp:term":[{"taxonomy":"category","embeddable":true,"href":"https:\/\/www.elvendrellturisme.com\/es\/wp-json\/wp\/v2\/categories?post=24726"},{"taxonomy":"post_tag","embeddable":true,"href":"https:\/\/www.elvendrellturisme.com\/es\/wp-json\/wp\/v2\/tags?post=24726"},{"taxonomy":"dipi_cpt_category","embeddable":true,"href":"https:\/\/www.elvendrellturisme.com\/es\/wp-json\/wp\/v2\/dipi_cpt_category?post=24726"}],"curies":[{"name":"wp","href":"https:\/\/api.w.org\/{rel}","templated":true}]}}