{"id":24730,"date":"2016-01-21T10:36:40","date_gmt":"2016-01-21T10:36:40","guid":{"rendered":"http:\/\/tv.dms3labs.cat\/visita-comentada-a-la-exposicion-temporal-del-museo-deu-con-obras-hechas-sobre-pintura-de-cal-y-grafeno\/"},"modified":"2016-01-21T10:36:40","modified_gmt":"2016-01-21T10:36:40","slug":"visita-comentada-a-la-exposicion-temporal-del-museo-deu-con-obras-hechas-sobre-pintura-de-cal-y-grafeno","status":"publish","type":"post","link":"https:\/\/www.elvendrellturisme.com\/es\/visita-comentada-a-la-exposicion-temporal-del-museo-deu-con-obras-hechas-sobre-pintura-de-cal-y-grafeno\/","title":{"rendered":"Visita comentada a la exposici\u00f3n temporal del Museo Deu con obras hechas sobre pintura de cal y grafeno"},"content":{"rendered":"<p>El pr\u00f3ximo s\u00e1bado d\u00eda 23 de enero, a las 11.30h, tendr\u00e1 lugar en el Museo Deu una interesante visita de la exposici\u00f3n temporal a cargo de su creador: el artista Francisco Valderrama.<\/p>\n<p>Actualmente, la sala de exposiciones temporales del Museo Deu acoge la exposici\u00f3n &quot;Origen. El Renacimiento del Fresco&quot;, un conjunto de 28 obras realizadas con cal y otros materiales tecnol\u00f3gicos de \u00faltima generaci\u00f3n -nunca antes utilizados en el arte- que aportan un revolucionario concepto en la t\u00e9cnica del fresco cl\u00e1sico.<\/p>\n<p>Las obras han sido realizadas por el artista Francisco Valderrama, creador de la Asociaci\u00f3n Proyecto Fresco, la cual se centra en la difusi\u00f3n de la t\u00e9cnica pict\u00f3rica del Fresco. Es un proyecto sin \u00e1nimo de lucro que tiene como finalidad dar a conocer la pintura al fresco, t\u00e9cnica milenaria, a partir de una serie de tareas que configuran la totalidad del proyecto.<\/p>\n<p>Esta exposici\u00f3n, que tiene vocaci\u00f3n de bienal itinerante y visitar\u00e1 diferentes ciudades, nos acerca al origen del fresco y nos transporta a otro nuevo &quot;Origen&quot; inventado por el artista desvelando inquietantes morfolog\u00edas, de lo cotidiano a lo sobrenatural y de lo natural al simb\u00f3lico. Clasicismo y Revoluci\u00f3n vanguardista &#8230; una t\u00e9cnica m\u00e1s fuerte, m\u00e1s amplia, m\u00e1s vers\u00e1til, que gracias a Valderrama, tiene ahora una nueva y original factura e interpretaci\u00f3n.<\/p>\n<p>Francisco Valderrama es Maestro fresquista y reconocido artista pl\u00e1stico. Ha dictado cursos y conferencias a nivel internacional. Ha asesorando pintores de gran tama\u00f1o y restauradores del patrimonio. Gracias a su tenacidad y estudio ha conseguido que la t\u00e9cnica del fresco no caiga en el olvido. Precisamente, su tenacidad y estudio ser\u00e1 plasmada en la visita guiada que en Valderrama ofrecer\u00e1 este s\u00e1bado a las 11.30h, donde comentar\u00e1 la t\u00e9cnica del fresco aplicando cal junto a otros materiales tecnol\u00f3gicos de \u00faltima generaci\u00f3n, como el grafeno.<\/p>\n<p>La visita guiada programada para este pr\u00f3ximo s\u00e1bado es una oportunidad \u00fanica para conocer de la mano del artista una t\u00e9cnica ancestral y un proceso creativo vanguardista.<\/p>\n","protected":false},"excerpt":{"rendered":"<p>El pr\u00f3ximo s\u00e1bado d\u00eda 23 de enero, a las 11.30h, tendr\u00e1 lugar en el Museo Deu una interesante visita de la exposici\u00f3n temporal a cargo de su creador: el artista Francisco Valderrama. Actualmente, la sala de exposiciones temporales del Museo Deu acoge la exposici\u00f3n &quot;Origen. El Renacimiento del Fresco&quot;, un conjunto de 28 obras realizadas [&hellip;]<\/p>\n","protected":false},"author":1,"featured_media":22959,"comment_status":"open","ping_status":"closed","sticky":false,"template":"","format":"standard","meta":{"_acf_changed":false,"_et_pb_use_builder":"","_et_pb_old_content":"","_et_gb_content_width":"","content-type":"","footnotes":""},"categories":[],"tags":[],"dipi_cpt_category":[],"class_list":["post-24730","post","type-post","status-publish","format-standard","has-post-thumbnail","hentry"],"acf":[],"_links":{"self":[{"href":"https:\/\/www.elvendrellturisme.com\/es\/wp-json\/wp\/v2\/posts\/24730","targetHints":{"allow":["GET"]}}],"collection":[{"href":"https:\/\/www.elvendrellturisme.com\/es\/wp-json\/wp\/v2\/posts"}],"about":[{"href":"https:\/\/www.elvendrellturisme.com\/es\/wp-json\/wp\/v2\/types\/post"}],"author":[{"embeddable":true,"href":"https:\/\/www.elvendrellturisme.com\/es\/wp-json\/wp\/v2\/users\/1"}],"replies":[{"embeddable":true,"href":"https:\/\/www.elvendrellturisme.com\/es\/wp-json\/wp\/v2\/comments?post=24730"}],"version-history":[{"count":0,"href":"https:\/\/www.elvendrellturisme.com\/es\/wp-json\/wp\/v2\/posts\/24730\/revisions"}],"wp:featuredmedia":[{"embeddable":true,"href":"https:\/\/www.elvendrellturisme.com\/es\/wp-json\/wp\/v2\/media\/22959"}],"wp:attachment":[{"href":"https:\/\/www.elvendrellturisme.com\/es\/wp-json\/wp\/v2\/media?parent=24730"}],"wp:term":[{"taxonomy":"category","embeddable":true,"href":"https:\/\/www.elvendrellturisme.com\/es\/wp-json\/wp\/v2\/categories?post=24730"},{"taxonomy":"post_tag","embeddable":true,"href":"https:\/\/www.elvendrellturisme.com\/es\/wp-json\/wp\/v2\/tags?post=24730"},{"taxonomy":"dipi_cpt_category","embeddable":true,"href":"https:\/\/www.elvendrellturisme.com\/es\/wp-json\/wp\/v2\/dipi_cpt_category?post=24730"}],"curies":[{"name":"wp","href":"https:\/\/api.w.org\/{rel}","templated":true}]}}