{"id":24733,"date":"2016-02-03T12:13:01","date_gmt":"2016-02-03T12:13:01","guid":{"rendered":"http:\/\/tv.dms3labs.cat\/el-domingo-14-de-febrero-el-vendrell-celebra-la-30a-xatonada-popular\/"},"modified":"2016-02-03T12:13:01","modified_gmt":"2016-02-03T12:13:01","slug":"el-domingo-14-de-febrero-el-vendrell-celebra-la-30a-xatonada-popular","status":"publish","type":"post","link":"https:\/\/www.elvendrellturisme.com\/es\/el-domingo-14-de-febrero-el-vendrell-celebra-la-30a-xatonada-popular\/","title":{"rendered":"El domingo 14 de febrero el Vendrell celebra la 30\u00aa Xatonada Popular"},"content":{"rendered":"<p>El pr\u00f3ximo domingo 14 de febrero, a partir de las 10 de la ma\u00f1ana, en la Rambla, El Vendrell celebrar\u00e1 la Xatonada Popular con el 30 Concurso de Maestros Xatonaires, la 29\u00aa Exhibici\u00f3n de Xatonaires Infantiles y la 23\u00aa Feria de productos alimenticios naturales y artesanales. La presentaci\u00f3n se realiz\u00f3 ayer por la tarde en el comedor de la escuela Marta Mata, donde se iniciaron los cursos &quot;Aprende a hacer xat\u00f3&quot;, en los que participan 240 ni\u00f1os y 70 adultos.<\/p>\n<p>El presidente de la Asociaci\u00f3n Gastron\u00f3mica de la Universidad del Xat\u00f3 de Catalu\u00f1a, Paco Azuaga, hizo un breve repaso a la historia de la Xatonada Popular que &quot;tuvo su origen hace 30 a\u00f1os a partir de una idea que surgi\u00f3 del CIT de hacer un concurso de maestros del xat\u00f3 y que, al a\u00f1o siguiente, ya incorpor\u00f3 la iniciativa de ense\u00f1ar a los ni\u00f1os a hacer xat\u00f3 &quot;. Este \u00faltimo aspecto es un hecho diferencial del Vendrell respecto a otros municipios de la Ruta del Xat\u00f3, ya que, &quot;si bien en su inicio fueron s\u00f3lo 12 ni\u00f1os y ni\u00f1as que participaron, ahora hay 240 repartidos en cuatro escuelas &quot;, puso de relieve Azuaga.<\/p>\n<p>En este sentido, el concejal de Promoci\u00f3n Econ\u00f3mica, Kenneth Mart\u00ednez, destac\u00f3 que &quot;gracias a la colaboraci\u00f3n de los maestros del xat\u00f3, los cursillos infantiles son una buena base para garantizar que este plato tradicional tenga futuro&quot;. El concejal anunci\u00f3 que este a\u00f1o se ha llegado a un acuerdo con los supermercados Bonpreu y Esclat para ser el nuevo patrocinador de la Xatonada Popular de El Vendrell. Kenneth Mart\u00ednez tambi\u00e9n explic\u00f3 que, este a\u00f1o, para que este d\u00eda sea una gran fiesta popular, se han programado diferentes actividades paralelas: tres talleres relacionados con los ingredientes del xat\u00f3 y con la cocina que incorpora la ciencia para hacer emulsiones, gelificaciones y esferificaciones, y una exhibici\u00f3n de baile a cargo del grupo &quot;Pened\u00e8s Swing&quot;.<\/p>\n<p>Adem\u00e1s, durante toda la ma\u00f1ana en la Rambla habr\u00e1 stands relacionados con el mundo del xat\u00f3, la Feria de productos alimenticios naturales y artesanales, juegos infantiles, encuentro de intercambio de placas de cava, actuaci\u00f3n de la colla castellera Nens del Vendrell y ruleta solidaria que, este a\u00f1o, su recaudaci\u00f3n se destinar\u00e1 a la Asociaci\u00f3n de Afectados de Esclerosis M\u00faltiple.<\/p>\n<p>A partir de las 12 del mediod\u00eda se realizar\u00e1 el reparto de unas 1.500 degustaciones de xat\u00f3, que tendr\u00e1n un precio de 7 euros.<\/p>\n","protected":false},"excerpt":{"rendered":"<p>El pr\u00f3ximo domingo 14 de febrero, a partir de las 10 de la ma\u00f1ana, en la Rambla, El Vendrell celebrar\u00e1 la Xatonada Popular con el 30 Concurso de Maestros Xatonaires, la 29\u00aa Exhibici\u00f3n de Xatonaires Infantiles y la 23\u00aa Feria de productos alimenticios naturales y artesanales. La presentaci\u00f3n se realiz\u00f3 ayer por la tarde en [&hellip;]<\/p>\n","protected":false},"author":1,"featured_media":22965,"comment_status":"open","ping_status":"closed","sticky":false,"template":"","format":"standard","meta":{"_acf_changed":false,"_et_pb_use_builder":"","_et_pb_old_content":"","_et_gb_content_width":"","content-type":"","footnotes":""},"categories":[],"tags":[],"dipi_cpt_category":[],"class_list":["post-24733","post","type-post","status-publish","format-standard","has-post-thumbnail","hentry"],"acf":[],"_links":{"self":[{"href":"https:\/\/www.elvendrellturisme.com\/es\/wp-json\/wp\/v2\/posts\/24733","targetHints":{"allow":["GET"]}}],"collection":[{"href":"https:\/\/www.elvendrellturisme.com\/es\/wp-json\/wp\/v2\/posts"}],"about":[{"href":"https:\/\/www.elvendrellturisme.com\/es\/wp-json\/wp\/v2\/types\/post"}],"author":[{"embeddable":true,"href":"https:\/\/www.elvendrellturisme.com\/es\/wp-json\/wp\/v2\/users\/1"}],"replies":[{"embeddable":true,"href":"https:\/\/www.elvendrellturisme.com\/es\/wp-json\/wp\/v2\/comments?post=24733"}],"version-history":[{"count":0,"href":"https:\/\/www.elvendrellturisme.com\/es\/wp-json\/wp\/v2\/posts\/24733\/revisions"}],"wp:featuredmedia":[{"embeddable":true,"href":"https:\/\/www.elvendrellturisme.com\/es\/wp-json\/wp\/v2\/media\/22965"}],"wp:attachment":[{"href":"https:\/\/www.elvendrellturisme.com\/es\/wp-json\/wp\/v2\/media?parent=24733"}],"wp:term":[{"taxonomy":"category","embeddable":true,"href":"https:\/\/www.elvendrellturisme.com\/es\/wp-json\/wp\/v2\/categories?post=24733"},{"taxonomy":"post_tag","embeddable":true,"href":"https:\/\/www.elvendrellturisme.com\/es\/wp-json\/wp\/v2\/tags?post=24733"},{"taxonomy":"dipi_cpt_category","embeddable":true,"href":"https:\/\/www.elvendrellturisme.com\/es\/wp-json\/wp\/v2\/dipi_cpt_category?post=24733"}],"curies":[{"name":"wp","href":"https:\/\/api.w.org\/{rel}","templated":true}]}}