{"id":24735,"date":"2016-02-06T11:22:11","date_gmt":"2016-02-06T11:22:11","guid":{"rendered":"http:\/\/tv.dms3labs.cat\/enoturismepenedes-presenta-resultados-del-2015-y-da-a-conocer-su-plan-de-accion-para-este-2016\/"},"modified":"2016-02-06T11:22:11","modified_gmt":"2016-02-06T11:22:11","slug":"enoturismepenedes-presenta-resultados-del-2015-y-da-a-conocer-su-plan-de-accion-para-este-2016","status":"publish","type":"post","link":"https:\/\/www.elvendrellturisme.com\/es\/enoturismepenedes-presenta-resultados-del-2015-y-da-a-conocer-su-plan-de-accion-para-este-2016\/","title":{"rendered":"EnoturismePENED\u00c8S presenta resultados del 2015 y da a conocer su Plan de Acci\u00f3n para este 2016"},"content":{"rendered":"<p>El plan de acciones se ha elaborado con el consenso de todos los sectores implicados en la promoci\u00f3n tur\u00edstica del territorio. EnoturismePENED\u00c8S cierra el 2015 con muy buenos resultados: crece en visitas, en comercializaci\u00f3n de experiencias tur\u00edsticas y en nuevos atractivos tur\u00edsticos.<br \/>\nJueves 4 de febrero, el Consorcio de promoci\u00f3n tur\u00edstica del Pened\u00e8s present\u00f3 los resultados de 2015 y su plan de acciones para este a\u00f1o 2016 ante m\u00e1s de un centenar de asistentes.<br \/>\nEl presidente del Consorcio de Promoci\u00f3n Tur\u00edstica del Pened\u00e8s, Sergi Vall\u00e8s, se mostr\u00f3 muy satisfecho de los resultados obtenidos en 2015, y ambicioso y comprometido con los retos propuestos por este 2016: &quot;quiero que el Pened\u00e8s se convierta en una de las veinte destinos tur\u00edsticos habituales a nivel internacional &quot;.<br \/>\nEl presidente tambi\u00e9n afirm\u00f3 que &quot;estamos innovando, creciendo y trabajando para llamar la atenci\u00f3n, y a trav\u00e9s de las propuestas y experiencias tur\u00edsticas singulares en el Pened\u00e8s se est\u00e1 consiguiendo&quot;. Tal y como comunic\u00f3 Sergi Vall\u00e8s, uno de los principales retos de este a\u00f1o ser\u00e1 una promoci\u00f3n acompa\u00f1ada de una estrategia de comercializaci\u00f3n online. Los buenos resultados del pasado 2015, tanto en ventas como en posicionamiento online, hacen que se apueste por seguir trabajando para disponer de una estrategia en comercializaci\u00f3n y comunicaci\u00f3n online y un nuevo plan de marketing.<br \/>\nPor \u00faltimo, Vall\u00e9s anim\u00f3 a todos los asistentes a descubrir a fondo el Pened\u00e8s y ser embajadores del territorio.<br \/>\nN\u00faria Sala, directora del Consorcio, present\u00f3 los resultados de 2015 y los datos que confirman los buenos resultados obtenidos. Los resultados m\u00e1s destacados se muestran en el crecimiento en la comercializaci\u00f3n online de experiencias, que han crecido en todos los aspectos: facturaci\u00f3n, reservas y clientes. El posicionamiento online de la web propio se ha visto muy favorecido, gracias al acceso a trav\u00e9s de las redes sociales, unas gran aliadas para su incremento.<br \/>\nDe cara al 2016 el plan incluye numerosas acciones enmarcadas en los \u00e1mbitos como son la gesti\u00f3n y planificaci\u00f3n del territorio, la calidad mejora y competitividad, la promoci\u00f3n, la comunicaci\u00f3n y la comercializaci\u00f3n. Hay dos proyectos principales: el Pened\u00e8s 360 y el Miravinya \u00b7 explora el Pened\u00e8s, que se lanzar\u00e1n en breve y se convertir\u00e1n en dos nuevos atractivos para el destino. El primero consiste en tres rutas circulares (una en BTT, una de cicloturismo y una a pie) alrededor del Gran Pened\u00e8s que incluye alojamientos, forfaits y servicios tur\u00edsticos. En el caso del Miravinya, el proyecto incluir\u00e1 cinco miradores y una serie de puntos de inter\u00e9s donde el descubrimiento de sus curiosidades y leyendas configurar\u00e1n un itinerario circular por hacer en coche.<br \/>\nEn cuanto a la promoci\u00f3n, se seguir\u00e1 trabajando con la tematizaci\u00f3n de actividades tur\u00edsticas y en destacar las por temporadas, una f\u00f3rmula que ha funcionado este a\u00f1o, as\u00ed como la presencia en ferias tur\u00edsticas, enogastron\u00f3micas y en los acontecimientos del territorio.<br \/>\nPrevista tambi\u00e9n para este a\u00f1o, est\u00e1 la publicaci\u00f3n de la Gu\u00eda de enoturismo Pened\u00e8s, escrita por Llu\u00eds Tolosa, que pretende ser un gran recopilaci\u00f3n de la oferta enotur\u00edstico del destino.<br \/>\nEn el \u00e1mbito de gesti\u00f3n y planificaci\u00f3n del territorio, se apuesta fuerte para estrechar v\u00ednculos con el sector privado y con los municipios del Pened\u00e8s, creando una mesa de trabajo donde tomar\u00e1n parte t\u00e9cnicos y concejales, para conocer, compartir y coordinar las iniciativas tur\u00edsticas del destino.<br \/>\nFinalmente, se hizo el acto de presentaci\u00f3n de las nuevas empresas adheridas a enoturismePENED\u00c8S, un total de 18 este a\u00f1o, entre bodegas, restaurantes, alojamientos, enotecas, agencias de viajes y empresas de servicios para el turista.<br \/>\nEn la clausura del acto, la presidenta del Consejo Comarcal del Baix Pened\u00e8s, Eva M. Serrami\u00e0, reafirm\u00f3 la voluntad de seguir apostando por el enoturismo y trabajar de la mano para definir la estrategia tur\u00edstica conjunta del Pened\u00e8s.<br \/>\nSerrami\u00e0 tom\u00f3 el compromiso de hacer m\u00e1s part\u00edcipe de esta estrategia en la Diputaci\u00f3n de Tarragona y de motivar la creaci\u00f3n de producto tur\u00edstico entre los agentes del territorio, donde se una la zona mar\u00edtima del Pened\u00e8s y la interior.<br \/>\nEn su turno, Xavier Grau, en representaci\u00f3n del Consejo Comarcal del Garraf, ente que recientemente se ha adherido al Consorcio, se mostr\u00f3 satisfecho por el trabajo realizado, por parte del sector privado y de las entidades, y anim\u00f3 a todos a trabajar por la promoci\u00f3n tur\u00edstica del Gran Pened\u00e8s.<\/p>\n","protected":false},"excerpt":{"rendered":"<p>El plan de acciones se ha elaborado con el consenso de todos los sectores implicados en la promoci\u00f3n tur\u00edstica del territorio. EnoturismePENED\u00c8S cierra el 2015 con muy buenos resultados: crece en visitas, en comercializaci\u00f3n de experiencias tur\u00edsticas y en nuevos atractivos tur\u00edsticos. Jueves 4 de febrero, el Consorcio de promoci\u00f3n tur\u00edstica del Pened\u00e8s present\u00f3 los [&hellip;]<\/p>\n","protected":false},"author":1,"featured_media":22969,"comment_status":"open","ping_status":"closed","sticky":false,"template":"","format":"standard","meta":{"_acf_changed":false,"_et_pb_use_builder":"","_et_pb_old_content":"","_et_gb_content_width":"","content-type":"","footnotes":""},"categories":[],"tags":[],"dipi_cpt_category":[],"class_list":["post-24735","post","type-post","status-publish","format-standard","has-post-thumbnail","hentry"],"acf":[],"_links":{"self":[{"href":"https:\/\/www.elvendrellturisme.com\/es\/wp-json\/wp\/v2\/posts\/24735","targetHints":{"allow":["GET"]}}],"collection":[{"href":"https:\/\/www.elvendrellturisme.com\/es\/wp-json\/wp\/v2\/posts"}],"about":[{"href":"https:\/\/www.elvendrellturisme.com\/es\/wp-json\/wp\/v2\/types\/post"}],"author":[{"embeddable":true,"href":"https:\/\/www.elvendrellturisme.com\/es\/wp-json\/wp\/v2\/users\/1"}],"replies":[{"embeddable":true,"href":"https:\/\/www.elvendrellturisme.com\/es\/wp-json\/wp\/v2\/comments?post=24735"}],"version-history":[{"count":0,"href":"https:\/\/www.elvendrellturisme.com\/es\/wp-json\/wp\/v2\/posts\/24735\/revisions"}],"wp:featuredmedia":[{"embeddable":true,"href":"https:\/\/www.elvendrellturisme.com\/es\/wp-json\/wp\/v2\/media\/22969"}],"wp:attachment":[{"href":"https:\/\/www.elvendrellturisme.com\/es\/wp-json\/wp\/v2\/media?parent=24735"}],"wp:term":[{"taxonomy":"category","embeddable":true,"href":"https:\/\/www.elvendrellturisme.com\/es\/wp-json\/wp\/v2\/categories?post=24735"},{"taxonomy":"post_tag","embeddable":true,"href":"https:\/\/www.elvendrellturisme.com\/es\/wp-json\/wp\/v2\/tags?post=24735"},{"taxonomy":"dipi_cpt_category","embeddable":true,"href":"https:\/\/www.elvendrellturisme.com\/es\/wp-json\/wp\/v2\/dipi_cpt_category?post=24735"}],"curies":[{"name":"wp","href":"https:\/\/api.w.org\/{rel}","templated":true}]}}