{"id":24737,"date":"2016-02-16T13:23:45","date_gmt":"2016-02-16T13:23:45","guid":{"rendered":"http:\/\/tv.dms3labs.cat\/el-vendrell-acoge-el-1er-gran-premio-de-marcha-atletica\/"},"modified":"2016-02-16T13:23:45","modified_gmt":"2016-02-16T13:23:45","slug":"el-vendrell-acoge-el-1er-gran-premio-de-marcha-atletica","status":"publish","type":"post","link":"https:\/\/www.elvendrellturisme.com\/es\/el-vendrell-acoge-el-1er-gran-premio-de-marcha-atletica\/","title":{"rendered":"El Vendrell acoge el 1er Gran Premio de Marcha Atl\u00e9tica"},"content":{"rendered":"<p>El domingo 21 de febrero, el Vendrell acoger\u00e1 el 1er Gran Premio de Marcha Atl\u00e9tica, una carrera organizada por el Club Runners El Vendrell con el apoyo de la Concejal\u00eda de Deportes.<\/p>\n<p>Este evento deportivo se desarrollar\u00e1 en las playas de El Vendrell y se espera la participaci\u00f3n de unos 400 corredores.<\/p>\n<p>El concejal de Deportes, Fernando Trillas, destac\u00f3 el dinamismo del Club Runners El Vendrell y la dinamizaci\u00f3n que llevar\u00e1 esta actividad en la zona de las playas.<\/p>\n<p>El s\u00e1bado 20 de febrero, los atletas del Club Runners El Vendrell realizar\u00e1n un stage en el Albergue Santa Mar\u00eda del Mar con el conocido atleta de marcha Jes\u00fas A. Garc\u00eda Bragado, el cual tambi\u00e9n participar\u00e1 el domingo en el 1er Gran Premio de Marcha del Vendrell . Junto a Bragado, tambi\u00e9n se contar\u00e1 con la presencia de Valent\u00edn Massana, ex atleta y responsable de marcha de la Federaci\u00f3n Catala de Atletismo, y de Mar\u00eda Vasco, ex atleta y actual entrenadora al CA Gav\u00e0.<\/p>\n","protected":false},"excerpt":{"rendered":"<p>El domingo 21 de febrero, el Vendrell acoger\u00e1 el 1er Gran Premio de Marcha Atl\u00e9tica, una carrera organizada por el Club Runners El Vendrell con el apoyo de la Concejal\u00eda de Deportes. Este evento deportivo se desarrollar\u00e1 en las playas de El Vendrell y se espera la participaci\u00f3n de unos 400 corredores. El concejal de [&hellip;]<\/p>\n","protected":false},"author":1,"featured_media":22973,"comment_status":"open","ping_status":"closed","sticky":false,"template":"","format":"standard","meta":{"_acf_changed":false,"_et_pb_use_builder":"","_et_pb_old_content":"","_et_gb_content_width":"","content-type":"","footnotes":""},"categories":[],"tags":[],"dipi_cpt_category":[],"class_list":["post-24737","post","type-post","status-publish","format-standard","has-post-thumbnail","hentry"],"acf":[],"_links":{"self":[{"href":"https:\/\/www.elvendrellturisme.com\/es\/wp-json\/wp\/v2\/posts\/24737","targetHints":{"allow":["GET"]}}],"collection":[{"href":"https:\/\/www.elvendrellturisme.com\/es\/wp-json\/wp\/v2\/posts"}],"about":[{"href":"https:\/\/www.elvendrellturisme.com\/es\/wp-json\/wp\/v2\/types\/post"}],"author":[{"embeddable":true,"href":"https:\/\/www.elvendrellturisme.com\/es\/wp-json\/wp\/v2\/users\/1"}],"replies":[{"embeddable":true,"href":"https:\/\/www.elvendrellturisme.com\/es\/wp-json\/wp\/v2\/comments?post=24737"}],"version-history":[{"count":0,"href":"https:\/\/www.elvendrellturisme.com\/es\/wp-json\/wp\/v2\/posts\/24737\/revisions"}],"wp:featuredmedia":[{"embeddable":true,"href":"https:\/\/www.elvendrellturisme.com\/es\/wp-json\/wp\/v2\/media\/22973"}],"wp:attachment":[{"href":"https:\/\/www.elvendrellturisme.com\/es\/wp-json\/wp\/v2\/media?parent=24737"}],"wp:term":[{"taxonomy":"category","embeddable":true,"href":"https:\/\/www.elvendrellturisme.com\/es\/wp-json\/wp\/v2\/categories?post=24737"},{"taxonomy":"post_tag","embeddable":true,"href":"https:\/\/www.elvendrellturisme.com\/es\/wp-json\/wp\/v2\/tags?post=24737"},{"taxonomy":"dipi_cpt_category","embeddable":true,"href":"https:\/\/www.elvendrellturisme.com\/es\/wp-json\/wp\/v2\/dipi_cpt_category?post=24737"}],"curies":[{"name":"wp","href":"https:\/\/api.w.org\/{rel}","templated":true}]}}