{"id":24740,"date":"2016-02-25T11:50:53","date_gmt":"2016-02-25T11:50:53","guid":{"rendered":"http:\/\/tv.dms3labs.cat\/el-vendrellenc-jordi-romeu-realiza-un-skyline-de-la-ciudad-en-un-muro-del-centro\/"},"modified":"2016-02-25T11:50:53","modified_gmt":"2016-02-25T11:50:53","slug":"el-vendrellenc-jordi-romeu-realiza-un-skyline-de-la-ciudad-en-un-muro-del-centro","status":"publish","type":"post","link":"https:\/\/www.elvendrellturisme.com\/es\/el-vendrellenc-jordi-romeu-realiza-un-skyline-de-la-ciudad-en-un-muro-del-centro\/","title":{"rendered":"El vendrellenc Jordi Romeu realiza un &quot;skyline&quot; de la ciudad en un muro del centro"},"content":{"rendered":"<p>Jordi Romeu ha sido el autor del mural que hay en el paso inferior que conecta el centro de la ciudad con los barrios del Puig y el P\u00e8lag, que representa un skyline de la ciudad.<\/p>\n<p>El joven Vendrell present\u00f3 la idea a la Concejal\u00eda de Cultura como proyecto final de sus estudios de grado superior de Artes Aplicadas al Muro de la Escuela Massana. La concejala de Cultura, Eva M. Serrami\u00e0, lo traslad\u00f3 a la Junta de Gobierno que lo aprob\u00f3.<\/p>\n<p>Antes de hacer el mural, Jordi Romeu hizo una encuesta a cien personas por las calles del centro de El Vendrell pregunt\u00e1ndoles qu\u00e9 era lo que m\u00e1s les gustaba del municipio. Y la respuesta mayoritaria fue la tranquilidad que tiene mucho que ver con el azul, color con el que realiz\u00f3 la silueta urbana.<\/p>\n<p>El autor est\u00e1 muy contento por el resultado que, aparte del apoyo de la Concejal\u00eda de Cultura, tambi\u00e9n ha contado a la colaboraci\u00f3n de otros j\u00f3venes que le han ayudado.<\/p>\n<p>La concejala de Cultura, Eva M. Serrami\u00e0, explic\u00f3 que &quot;este mural, que se encuentra en un lugar de paso de muchas personas, se enmarca en un proyecto m\u00e1s amplio de diferentes acciones que se plantean hacer el n\u00facleo hist\u00f3rico para dignificar -el desde un punto respetuoso y art\u00edstico &quot;.<\/p>\n","protected":false},"excerpt":{"rendered":"<p>Jordi Romeu ha sido el autor del mural que hay en el paso inferior que conecta el centro de la ciudad con los barrios del Puig y el P\u00e8lag, que representa un skyline de la ciudad. El joven Vendrell present\u00f3 la idea a la Concejal\u00eda de Cultura como proyecto final de sus estudios de grado [&hellip;]<\/p>\n","protected":false},"author":1,"featured_media":22979,"comment_status":"open","ping_status":"closed","sticky":false,"template":"","format":"standard","meta":{"_acf_changed":false,"_et_pb_use_builder":"","_et_pb_old_content":"","_et_gb_content_width":"","content-type":"","footnotes":""},"categories":[],"tags":[],"dipi_cpt_category":[],"class_list":["post-24740","post","type-post","status-publish","format-standard","has-post-thumbnail","hentry"],"acf":[],"_links":{"self":[{"href":"https:\/\/www.elvendrellturisme.com\/es\/wp-json\/wp\/v2\/posts\/24740","targetHints":{"allow":["GET"]}}],"collection":[{"href":"https:\/\/www.elvendrellturisme.com\/es\/wp-json\/wp\/v2\/posts"}],"about":[{"href":"https:\/\/www.elvendrellturisme.com\/es\/wp-json\/wp\/v2\/types\/post"}],"author":[{"embeddable":true,"href":"https:\/\/www.elvendrellturisme.com\/es\/wp-json\/wp\/v2\/users\/1"}],"replies":[{"embeddable":true,"href":"https:\/\/www.elvendrellturisme.com\/es\/wp-json\/wp\/v2\/comments?post=24740"}],"version-history":[{"count":0,"href":"https:\/\/www.elvendrellturisme.com\/es\/wp-json\/wp\/v2\/posts\/24740\/revisions"}],"wp:featuredmedia":[{"embeddable":true,"href":"https:\/\/www.elvendrellturisme.com\/es\/wp-json\/wp\/v2\/media\/22979"}],"wp:attachment":[{"href":"https:\/\/www.elvendrellturisme.com\/es\/wp-json\/wp\/v2\/media?parent=24740"}],"wp:term":[{"taxonomy":"category","embeddable":true,"href":"https:\/\/www.elvendrellturisme.com\/es\/wp-json\/wp\/v2\/categories?post=24740"},{"taxonomy":"post_tag","embeddable":true,"href":"https:\/\/www.elvendrellturisme.com\/es\/wp-json\/wp\/v2\/tags?post=24740"},{"taxonomy":"dipi_cpt_category","embeddable":true,"href":"https:\/\/www.elvendrellturisme.com\/es\/wp-json\/wp\/v2\/dipi_cpt_category?post=24740"}],"curies":[{"name":"wp","href":"https:\/\/api.w.org\/{rel}","templated":true}]}}