{"id":24745,"date":"2016-03-10T13:33:19","date_gmt":"2016-03-10T13:33:19","guid":{"rendered":"http:\/\/tv.dms3labs.cat\/600-participantes-en-el-xi-open-alpcross-btt-tour-el-vendrell\/"},"modified":"2016-03-10T13:33:19","modified_gmt":"2016-03-10T13:33:19","slug":"600-participantes-en-el-xi-open-alpcross-btt-tour-el-vendrell","status":"publish","type":"post","link":"https:\/\/www.elvendrellturisme.com\/es\/600-participantes-en-el-xi-open-alpcross-btt-tour-el-vendrell\/","title":{"rendered":"600 participantes en el XI Open Alpcross BTT Tour El Vendrell"},"content":{"rendered":"<p>El pasado domingo 6 de marzo tuvo lugar el XI Open Alpcross BTT Tour El Vendrell con unos 600 participantes inscritos.<\/p>\n<p>Jordi Calsina, responsable de Open Natura, ha hecho una valoraci\u00f3n positiva tanto de la participaci\u00f3n como por los nuevos circuitos que &quot;hicieron disfrutar de una buena jornada para la pr\u00e1ctica del ciclismo de monta\u00f1a&quot;. La concejala de Turismo, Eva M. Serrami\u00e0, destac\u00f3 el hecho de que &quot;los circuitos, adecuados a diferentes niveles, han permitido a los participantes descubrir lugares de la zona poco conocidos y con un gran valor paisaj\u00edstico&quot;.<\/p>\n<p>Tanto la organizaci\u00f3n como el Ayuntamiento de El Vendrell han lamentado la muerte de un hombre de 51 a\u00f1os, vecino de Masquefa, que sufri\u00f3 un desvanecimiento en uno de los tramos y no respondi\u00f3 a los intentos de reanimaci\u00f3n de los servicios de emergencia que el atendieron.<\/p>\n","protected":false},"excerpt":{"rendered":"<p>El pasado domingo 6 de marzo tuvo lugar el XI Open Alpcross BTT Tour El Vendrell con unos 600 participantes inscritos. Jordi Calsina, responsable de Open Natura, ha hecho una valoraci\u00f3n positiva tanto de la participaci\u00f3n como por los nuevos circuitos que &quot;hicieron disfrutar de una buena jornada para la pr\u00e1ctica del ciclismo de monta\u00f1a&quot;. [&hellip;]<\/p>\n","protected":false},"author":1,"featured_media":22989,"comment_status":"open","ping_status":"closed","sticky":false,"template":"","format":"standard","meta":{"_acf_changed":false,"_et_pb_use_builder":"","_et_pb_old_content":"","_et_gb_content_width":"","content-type":"","footnotes":""},"categories":[],"tags":[],"dipi_cpt_category":[],"class_list":["post-24745","post","type-post","status-publish","format-standard","has-post-thumbnail","hentry"],"acf":[],"_links":{"self":[{"href":"https:\/\/www.elvendrellturisme.com\/es\/wp-json\/wp\/v2\/posts\/24745","targetHints":{"allow":["GET"]}}],"collection":[{"href":"https:\/\/www.elvendrellturisme.com\/es\/wp-json\/wp\/v2\/posts"}],"about":[{"href":"https:\/\/www.elvendrellturisme.com\/es\/wp-json\/wp\/v2\/types\/post"}],"author":[{"embeddable":true,"href":"https:\/\/www.elvendrellturisme.com\/es\/wp-json\/wp\/v2\/users\/1"}],"replies":[{"embeddable":true,"href":"https:\/\/www.elvendrellturisme.com\/es\/wp-json\/wp\/v2\/comments?post=24745"}],"version-history":[{"count":0,"href":"https:\/\/www.elvendrellturisme.com\/es\/wp-json\/wp\/v2\/posts\/24745\/revisions"}],"wp:featuredmedia":[{"embeddable":true,"href":"https:\/\/www.elvendrellturisme.com\/es\/wp-json\/wp\/v2\/media\/22989"}],"wp:attachment":[{"href":"https:\/\/www.elvendrellturisme.com\/es\/wp-json\/wp\/v2\/media?parent=24745"}],"wp:term":[{"taxonomy":"category","embeddable":true,"href":"https:\/\/www.elvendrellturisme.com\/es\/wp-json\/wp\/v2\/categories?post=24745"},{"taxonomy":"post_tag","embeddable":true,"href":"https:\/\/www.elvendrellturisme.com\/es\/wp-json\/wp\/v2\/tags?post=24745"},{"taxonomy":"dipi_cpt_category","embeddable":true,"href":"https:\/\/www.elvendrellturisme.com\/es\/wp-json\/wp\/v2\/dipi_cpt_category?post=24745"}],"curies":[{"name":"wp","href":"https:\/\/api.w.org\/{rel}","templated":true}]}}