{"id":24747,"date":"2016-03-14T13:15:18","date_gmt":"2016-03-14T13:15:18","guid":{"rendered":"http:\/\/tv.dms3labs.cat\/se-inicia-la-temporada-de-marcha-nordica-2016-en-el-vendrell\/"},"modified":"2016-03-14T13:15:18","modified_gmt":"2016-03-14T13:15:18","slug":"se-inicia-la-temporada-de-marcha-nordica-2016-en-el-vendrell","status":"publish","type":"post","link":"https:\/\/www.elvendrellturisme.com\/es\/se-inicia-la-temporada-de-marcha-nordica-2016-en-el-vendrell\/","title":{"rendered":"Se inicia la temporada de marcha n\u00f3rdica 2016 en el Vendrell"},"content":{"rendered":"<p>El viernes 25 de marzo, Turismo del Vendrell iniciar\u00e1 la temporada de marcha n\u00f3rdica 2.016 con una ruta especial en la cima del Montagut.<\/p>\n<p>Las otras salidas programadas para esta temporada 2016 son: 27 de marzo; 3 y 17 de abril; 14 (nocturna) y 22 de mayo; 12 y 19 (ruta especia) de junio; 3, 6, 9 (nocturna), 13, 17, 20, 24 (ruta especial), 27 y 31 de julio; 3, 6 (nocturna), 10, 14, 17, 21 (ruta especial), 24, 28 y 31 de agosto; 11 y 18 (ruta Especial) de septiembre, y 9 y 23 (ruta especial) de octubre.<\/p>\n<p>La marcha n\u00f3rdica es una actividad f\u00edsica aer\u00f3bica muy agradable y f\u00e1cil de practicar que incorpora unos bastones similares a los utilizados en el esqu\u00ed de fondo. La marcha n\u00f3rdica es mucho m\u00e1s efectiva que caminar: act\u00faa de forma suave, pero eficaz, mejora la fuerza muscular y tonifica los m\u00fasculos; adem\u00e1s, activa el<\/p>\n<p>sistema cardiovascular y repercute de manera directa en la coordinaci\u00f3n y la movilidad.<\/p>\n<p>Como novedades, cabe destacar nuevas rutas especiales relacionadas con el territorio de Enoturismo Pened\u00e8s, Pened\u00e8s-Mar\u00edtimo y Ruta del Paisaje de los Genios.<\/p>\n<p>Ya se puede pasar por la Oficina de Turismo a renovar las tarjetas. Este a\u00f1o, tambi\u00e9n ser\u00e1 obligatorio hacer la reserva anticipada en la misma oficina de las rutas especiales y de las nocturnas. El ticket de salida ordinaria se podr\u00e1 adquirir antes de la salida.<\/p>\n<p>Se pueden consultar los d\u00edas de salida y los precios en el portal www.elvendrellturistic.com, o bien se puede llamar al tel\u00e9fono 977 68 00 10.<\/p>\n","protected":false},"excerpt":{"rendered":"<p>El viernes 25 de marzo, Turismo del Vendrell iniciar\u00e1 la temporada de marcha n\u00f3rdica 2.016 con una ruta especial en la cima del Montagut. Las otras salidas programadas para esta temporada 2016 son: 27 de marzo; 3 y 17 de abril; 14 (nocturna) y 22 de mayo; 12 y 19 (ruta especia) de junio; 3, [&hellip;]<\/p>\n","protected":false},"author":1,"featured_media":22993,"comment_status":"open","ping_status":"closed","sticky":false,"template":"","format":"standard","meta":{"_acf_changed":false,"_et_pb_use_builder":"","_et_pb_old_content":"","_et_gb_content_width":"","content-type":"","footnotes":""},"categories":[],"tags":[],"dipi_cpt_category":[],"class_list":["post-24747","post","type-post","status-publish","format-standard","has-post-thumbnail","hentry"],"acf":[],"_links":{"self":[{"href":"https:\/\/www.elvendrellturisme.com\/es\/wp-json\/wp\/v2\/posts\/24747","targetHints":{"allow":["GET"]}}],"collection":[{"href":"https:\/\/www.elvendrellturisme.com\/es\/wp-json\/wp\/v2\/posts"}],"about":[{"href":"https:\/\/www.elvendrellturisme.com\/es\/wp-json\/wp\/v2\/types\/post"}],"author":[{"embeddable":true,"href":"https:\/\/www.elvendrellturisme.com\/es\/wp-json\/wp\/v2\/users\/1"}],"replies":[{"embeddable":true,"href":"https:\/\/www.elvendrellturisme.com\/es\/wp-json\/wp\/v2\/comments?post=24747"}],"version-history":[{"count":0,"href":"https:\/\/www.elvendrellturisme.com\/es\/wp-json\/wp\/v2\/posts\/24747\/revisions"}],"wp:featuredmedia":[{"embeddable":true,"href":"https:\/\/www.elvendrellturisme.com\/es\/wp-json\/wp\/v2\/media\/22993"}],"wp:attachment":[{"href":"https:\/\/www.elvendrellturisme.com\/es\/wp-json\/wp\/v2\/media?parent=24747"}],"wp:term":[{"taxonomy":"category","embeddable":true,"href":"https:\/\/www.elvendrellturisme.com\/es\/wp-json\/wp\/v2\/categories?post=24747"},{"taxonomy":"post_tag","embeddable":true,"href":"https:\/\/www.elvendrellturisme.com\/es\/wp-json\/wp\/v2\/tags?post=24747"},{"taxonomy":"dipi_cpt_category","embeddable":true,"href":"https:\/\/www.elvendrellturisme.com\/es\/wp-json\/wp\/v2\/dipi_cpt_category?post=24747"}],"curies":[{"name":"wp","href":"https:\/\/api.w.org\/{rel}","templated":true}]}}