{"id":24753,"date":"2016-04-05T11:32:36","date_gmt":"2016-04-05T11:32:36","guid":{"rendered":"http:\/\/tv.dms3labs.cat\/todo-a-punto-para-el-cross-de-comarruga-2016\/"},"modified":"2016-04-05T11:32:36","modified_gmt":"2016-04-05T11:32:36","slug":"todo-a-punto-para-el-cross-de-comarruga-2016","status":"publish","type":"post","link":"https:\/\/www.elvendrellturisme.com\/es\/todo-a-punto-para-el-cross-de-comarruga-2016\/","title":{"rendered":"Todo a punto para el Cross de Comarruga 2016"},"content":{"rendered":"<p>Este a\u00f1o, el Cross de Comarruga 2016 se llevar\u00e1 a cabo el domingo 10 de abril, a partir de las 11.00 h, junto al pantal\u00e1n del puerto de Coma-ruga.<\/p>\n<p>Se prev\u00e9 que participen m\u00e1s de 500 ni\u00f1os de las diferentes escuelas de la comarca. La Concejal\u00eda de Deportes, las AMPA de las escuelas de Comarruga y<br \/>\nEl Vendrell y el Consejo Deportivo del Baix Pened\u00e8s son los encargados de organizar el acto.<\/p>\n","protected":false},"excerpt":{"rendered":"<p>Este a\u00f1o, el Cross de Comarruga 2016 se llevar\u00e1 a cabo el domingo 10 de abril, a partir de las 11.00 h, junto al pantal\u00e1n del puerto de Coma-ruga. Se prev\u00e9 que participen m\u00e1s de 500 ni\u00f1os de las diferentes escuelas de la comarca. La Concejal\u00eda de Deportes, las AMPA de las escuelas de Comarruga [&hellip;]<\/p>\n","protected":false},"author":1,"featured_media":23005,"comment_status":"open","ping_status":"closed","sticky":false,"template":"","format":"standard","meta":{"_acf_changed":false,"_et_pb_use_builder":"","_et_pb_old_content":"","_et_gb_content_width":"","content-type":"","footnotes":""},"categories":[],"tags":[],"dipi_cpt_category":[],"class_list":["post-24753","post","type-post","status-publish","format-standard","has-post-thumbnail","hentry"],"acf":[],"_links":{"self":[{"href":"https:\/\/www.elvendrellturisme.com\/es\/wp-json\/wp\/v2\/posts\/24753","targetHints":{"allow":["GET"]}}],"collection":[{"href":"https:\/\/www.elvendrellturisme.com\/es\/wp-json\/wp\/v2\/posts"}],"about":[{"href":"https:\/\/www.elvendrellturisme.com\/es\/wp-json\/wp\/v2\/types\/post"}],"author":[{"embeddable":true,"href":"https:\/\/www.elvendrellturisme.com\/es\/wp-json\/wp\/v2\/users\/1"}],"replies":[{"embeddable":true,"href":"https:\/\/www.elvendrellturisme.com\/es\/wp-json\/wp\/v2\/comments?post=24753"}],"version-history":[{"count":0,"href":"https:\/\/www.elvendrellturisme.com\/es\/wp-json\/wp\/v2\/posts\/24753\/revisions"}],"wp:featuredmedia":[{"embeddable":true,"href":"https:\/\/www.elvendrellturisme.com\/es\/wp-json\/wp\/v2\/media\/23005"}],"wp:attachment":[{"href":"https:\/\/www.elvendrellturisme.com\/es\/wp-json\/wp\/v2\/media?parent=24753"}],"wp:term":[{"taxonomy":"category","embeddable":true,"href":"https:\/\/www.elvendrellturisme.com\/es\/wp-json\/wp\/v2\/categories?post=24753"},{"taxonomy":"post_tag","embeddable":true,"href":"https:\/\/www.elvendrellturisme.com\/es\/wp-json\/wp\/v2\/tags?post=24753"},{"taxonomy":"dipi_cpt_category","embeddable":true,"href":"https:\/\/www.elvendrellturisme.com\/es\/wp-json\/wp\/v2\/dipi_cpt_category?post=24753"}],"curies":[{"name":"wp","href":"https:\/\/api.w.org\/{rel}","templated":true}]}}