{"id":24767,"date":"2016-05-19T11:00:49","date_gmt":"2016-05-19T11:00:49","guid":{"rendered":"http:\/\/tv.dms3labs.cat\/el-auditorio-continua-el-cicle-musiques-con-la-historia-de-sartine-el-rey-de-paris\/"},"modified":"2016-05-19T11:00:49","modified_gmt":"2016-05-19T11:00:49","slug":"el-auditorio-continua-el-cicle-musiques-con-la-historia-de-sartine-el-rey-de-paris","status":"publish","type":"post","link":"https:\/\/www.elvendrellturisme.com\/es\/el-auditorio-continua-el-cicle-musiques-con-la-historia-de-sartine-el-rey-de-paris\/","title":{"rendered":"El Auditorio contin\u00faa el &quot;Cicle +M\u00fasiques con la historia de Sartine, el rey de Par\u00eds"},"content":{"rendered":"<p>Este pr\u00f3ximo s\u00e1bado 21 de mayo, a las 20:30 h, dentro del &quot;Cicle M\u00e9s M\u00fasiques&quot; del Auditorio Pau Casals, la Orquesta Camerata XXI nos explicar\u00e1, en un concierto teatralizado, la historia de Anton de Sartine.<\/p>\n<p>Imag\u00ednese un pol\u00edtico franc\u00e9s de finales del siglo dieciocho, poderoso como Richelieu, Fouch\u00e9 o el actual Manuel Valls. Un pol\u00edtico con luces y sombras, h\u00e1bil, culto e intrigante, el aut\u00e9ntico &quot;rey&quot; de Par\u00eds en \u00e9poca de Luis XV. Como jefe de la polic\u00eda de la ciudad, sab\u00eda todo, todo, lo que ocurr\u00eda en las calles y salones (incluidos lios amorosos y &quot;relaciones peligrosas&quot;) y ning\u00fan m\u00fasico, como por ejemplo Mozart, pod\u00eda tocar sin su permiso. &quot;El hombre mejor informado de Francia&quot; fue el primero en huir de la Revoluci\u00f3n, dejando uno o dos muertos detr\u00e1s, en manos de los que lo buscaban a \u00e9l. Y fue a morir en Tarragona. \u00bfPor qu\u00e9 Tarragona? os preguntar\u00e9is. Quiz\u00e1 porque hab\u00eda nacido en Barcelona? O hab\u00eda razones ocultas?<\/p>\n<p>Nos lo explicar\u00e1 \u00e9l mismo, con la mejor m\u00fasica de su tiempo, un tiempo de revoluci\u00f3n musical. Os presentamos todo un personaje: Anton de Sartine.<\/p>\n<p>La Orquesta Camerata XXI fue fundada en 2003 con m\u00fasicos, sobre todo, de las tierras de Tarragona, y tambi\u00e9n del resto del pa\u00eds. Desde entonces se ha ganado r\u00e1pidamente el reconocimiento y el aprecio del p\u00fablico y cr\u00edticos, siendo actualmente considerada una de las orquestas m\u00e1s notables y con m\u00e1s proyecci\u00f3n de futuro, continuando un trabajo muy estimable de divulgaci\u00f3n de la m\u00fasica orquestal en las comarcas tarraconenses, cumpliendo una funci\u00f3n propia de servicio en el territorio.<\/p>\n<p>Para esta propuesta, en la que se mezcla la interpretaci\u00f3n musical y la teatral, la Orquesta Camerata XXI estar\u00e1 acompa\u00f1ada, en el escenario del Auditorio Pau Casals, de la soprano Marta Math\u00e9u, de Dani Espasa al clavic\u00e9mbalo y del actor Ricard Farr\u00e9, conocido por su papel de Jordi Vargas en la serie televisiva La Riera, que intepretar\u00e1 a Anton de Sartine. La direcci\u00f3n correr\u00e1 a cargo de Marc Chornet.<\/p>\n<p>Para m\u00e1s informaci\u00f3n, acceder a la web www.auditoripaucasals.cat<\/p>\n","protected":false},"excerpt":{"rendered":"<p>Este pr\u00f3ximo s\u00e1bado 21 de mayo, a las 20:30 h, dentro del &quot;Cicle M\u00e9s M\u00fasiques&quot; del Auditorio Pau Casals, la Orquesta Camerata XXI nos explicar\u00e1, en un concierto teatralizado, la historia de Anton de Sartine. Imag\u00ednese un pol\u00edtico franc\u00e9s de finales del siglo dieciocho, poderoso como Richelieu, Fouch\u00e9 o el actual Manuel Valls. Un pol\u00edtico [&hellip;]<\/p>\n","protected":false},"author":1,"featured_media":23033,"comment_status":"open","ping_status":"closed","sticky":false,"template":"","format":"standard","meta":{"_acf_changed":false,"_et_pb_use_builder":"","_et_pb_old_content":"","_et_gb_content_width":"","content-type":"","footnotes":""},"categories":[],"tags":[],"dipi_cpt_category":[],"class_list":["post-24767","post","type-post","status-publish","format-standard","has-post-thumbnail","hentry"],"acf":[],"_links":{"self":[{"href":"https:\/\/www.elvendrellturisme.com\/es\/wp-json\/wp\/v2\/posts\/24767","targetHints":{"allow":["GET"]}}],"collection":[{"href":"https:\/\/www.elvendrellturisme.com\/es\/wp-json\/wp\/v2\/posts"}],"about":[{"href":"https:\/\/www.elvendrellturisme.com\/es\/wp-json\/wp\/v2\/types\/post"}],"author":[{"embeddable":true,"href":"https:\/\/www.elvendrellturisme.com\/es\/wp-json\/wp\/v2\/users\/1"}],"replies":[{"embeddable":true,"href":"https:\/\/www.elvendrellturisme.com\/es\/wp-json\/wp\/v2\/comments?post=24767"}],"version-history":[{"count":0,"href":"https:\/\/www.elvendrellturisme.com\/es\/wp-json\/wp\/v2\/posts\/24767\/revisions"}],"wp:featuredmedia":[{"embeddable":true,"href":"https:\/\/www.elvendrellturisme.com\/es\/wp-json\/wp\/v2\/media\/23033"}],"wp:attachment":[{"href":"https:\/\/www.elvendrellturisme.com\/es\/wp-json\/wp\/v2\/media?parent=24767"}],"wp:term":[{"taxonomy":"category","embeddable":true,"href":"https:\/\/www.elvendrellturisme.com\/es\/wp-json\/wp\/v2\/categories?post=24767"},{"taxonomy":"post_tag","embeddable":true,"href":"https:\/\/www.elvendrellturisme.com\/es\/wp-json\/wp\/v2\/tags?post=24767"},{"taxonomy":"dipi_cpt_category","embeddable":true,"href":"https:\/\/www.elvendrellturisme.com\/es\/wp-json\/wp\/v2\/dipi_cpt_category?post=24767"}],"curies":[{"name":"wp","href":"https:\/\/api.w.org\/{rel}","templated":true}]}}