{"id":24772,"date":"2016-05-31T10:52:55","date_gmt":"2016-05-31T10:52:55","guid":{"rendered":"http:\/\/tv.dms3labs.cat\/se-organiza-una-gran-fiesta-para-celebrar-los-30-anos-del-emmpac\/"},"modified":"2016-05-31T10:52:55","modified_gmt":"2016-05-31T10:52:55","slug":"se-organiza-una-gran-fiesta-para-celebrar-los-30-anos-del-emmpac","status":"publish","type":"post","link":"https:\/\/www.elvendrellturisme.com\/es\/se-organiza-una-gran-fiesta-para-celebrar-los-30-anos-del-emmpac\/","title":{"rendered":"Se organiza una gran fiesta para celebrar los 30 a\u00f1os del EMMPAC"},"content":{"rendered":"<p>Este a\u00f1o, la Escuela Municipal de M\u00fasica Pau Casals (EMMPAC) est\u00e1 de celebraci\u00f3n porque hace 30 a\u00f1os que comenz\u00f3 este proyecto en la c\/Isidre Ribes y que, actualmente sigue en el Pasaje del T\u00edvoli. <\/p>\n<p>Y para terminar este curso, el viernes 17 de junio, a partir de las 7 de la tarde, en la plaza del T\u00edvoli, tendr\u00e1 lugar una gran fiesta para celebrar todos estos a\u00f1os de m\u00fasica, de crecimiento, de aprendizaje, y muchas otras cosas.<\/p>\n<p>Todo el mundo est\u00e1 invitado y ser\u00e1 una fiesta participativa. Adem\u00e1s, todas las ganancias ir\u00e1n en beneficio de C\u00e1ritas del Vendrell. <\/p>\n<p>Habr\u00e1n conciertos, un taller de swing y una cena, que una vez finalizada, se dar\u00e1 paso a peque\u00f1as actuaciones. <\/p>\n<p>Para la cena, las personas interesadas deben inscribirse y realizar el pago los d\u00edas 13, 14 y 15 de junio, entre las 17:30h y 19:30h en el EMMPAC.     <\/p>\n<p>Para poder hacer una de las actuaciones despu\u00e9s de la cena, hay que rellenar un formulario on-line: https:\/\/goo.gl\/lKtj8E<\/p>\n","protected":false},"excerpt":{"rendered":"<p>Este a\u00f1o, la Escuela Municipal de M\u00fasica Pau Casals (EMMPAC) est\u00e1 de celebraci\u00f3n porque hace 30 a\u00f1os que comenz\u00f3 este proyecto en la c\/Isidre Ribes y que, actualmente sigue en el Pasaje del T\u00edvoli. Y para terminar este curso, el viernes 17 de junio, a partir de las 7 de la tarde, en la plaza [&hellip;]<\/p>\n","protected":false},"author":1,"featured_media":23043,"comment_status":"open","ping_status":"closed","sticky":false,"template":"","format":"standard","meta":{"_acf_changed":false,"_et_pb_use_builder":"","_et_pb_old_content":"","_et_gb_content_width":"","content-type":"","footnotes":""},"categories":[],"tags":[],"dipi_cpt_category":[],"class_list":["post-24772","post","type-post","status-publish","format-standard","has-post-thumbnail","hentry"],"acf":[],"_links":{"self":[{"href":"https:\/\/www.elvendrellturisme.com\/es\/wp-json\/wp\/v2\/posts\/24772","targetHints":{"allow":["GET"]}}],"collection":[{"href":"https:\/\/www.elvendrellturisme.com\/es\/wp-json\/wp\/v2\/posts"}],"about":[{"href":"https:\/\/www.elvendrellturisme.com\/es\/wp-json\/wp\/v2\/types\/post"}],"author":[{"embeddable":true,"href":"https:\/\/www.elvendrellturisme.com\/es\/wp-json\/wp\/v2\/users\/1"}],"replies":[{"embeddable":true,"href":"https:\/\/www.elvendrellturisme.com\/es\/wp-json\/wp\/v2\/comments?post=24772"}],"version-history":[{"count":0,"href":"https:\/\/www.elvendrellturisme.com\/es\/wp-json\/wp\/v2\/posts\/24772\/revisions"}],"wp:featuredmedia":[{"embeddable":true,"href":"https:\/\/www.elvendrellturisme.com\/es\/wp-json\/wp\/v2\/media\/23043"}],"wp:attachment":[{"href":"https:\/\/www.elvendrellturisme.com\/es\/wp-json\/wp\/v2\/media?parent=24772"}],"wp:term":[{"taxonomy":"category","embeddable":true,"href":"https:\/\/www.elvendrellturisme.com\/es\/wp-json\/wp\/v2\/categories?post=24772"},{"taxonomy":"post_tag","embeddable":true,"href":"https:\/\/www.elvendrellturisme.com\/es\/wp-json\/wp\/v2\/tags?post=24772"},{"taxonomy":"dipi_cpt_category","embeddable":true,"href":"https:\/\/www.elvendrellturisme.com\/es\/wp-json\/wp\/v2\/dipi_cpt_category?post=24772"}],"curies":[{"name":"wp","href":"https:\/\/api.w.org\/{rel}","templated":true}]}}