{"id":24774,"date":"2016-06-02T11:56:12","date_gmt":"2016-06-02T11:56:12","guid":{"rendered":"http:\/\/tv.dms3labs.cat\/los-nens-del-vendrell-organizan-una-donacion-de-sangre-este-sabado-4-de-junio-en-el-local-del-grupo\/"},"modified":"2016-06-02T11:56:12","modified_gmt":"2016-06-02T11:56:12","slug":"los-nens-del-vendrell-organizan-una-donacion-de-sangre-este-sabado-4-de-junio-en-el-local-del-grupo","status":"publish","type":"post","link":"https:\/\/www.elvendrellturisme.com\/es\/los-nens-del-vendrell-organizan-una-donacion-de-sangre-este-sabado-4-de-junio-en-el-local-del-grupo\/","title":{"rendered":"Los Nens del Vendrell organizan una donaci\u00f3n de sangre este s\u00e1bado 4 de junio en el local del grupo"},"content":{"rendered":"<p>Los &quot;Nens del Vendrell&quot; organizan este fin de semana un conjunto de actos para conmemorar el 90 aniversario del grupo. M\u00e1s all\u00e1 de las actividades de castellers, los Nens han previsto tambi\u00e9n un acto solidario: una donaci\u00f3n de sangre, que se har\u00e1 el s\u00e1bado 4 de junio, de 10 a 14h, en el local social de la Avenida Riera Bisbal, 22.<\/p>\n<p>La propuesta del grupo lleg\u00f3 a la Asociaci\u00f3n de Donantes de Sangre del Baix Pened\u00e8s, que la recibi\u00f3 con mucha satisfacci\u00f3n, ya que la donaci\u00f3n de sangre baja aproximadamente un 30% a lo largo del verano y, en cambio, durante el periodo estival se mantienen por igual las necesidades en los hospitales.<\/p>\n<p>El regidor de Salud, Ferran Trillas, y el presidente de la Asociaci\u00f3n de Donantes de Sangre, Josep Maria Bargall\u00f3, han agradecido la solidaridad de los Nens del Vendrell a la hora de promover esta jornada de donaci\u00f3n de sangre. Por su parte, Frederic Porta, desde la colla castellera, explic\u00f3 que la entidad se caracteriza por compaginar su actividad castellera con una activa labor de implicaci\u00f3n social.<\/p>\n<p>Durante la presentaci\u00f3n de la jornada de donaci\u00f3n, la doctora Virginia Callao, Coordinadora del Banco de Sangre y Tejidos de Tarragona, ha recordado que la necesidad de sangre es constante y, por tanto, tambi\u00e9n lo deben ser nuestras donaciones. Callao ha a\u00f1adido que &quot;cada d\u00eda, todos los hospitales y cl\u00ednicas de Catalu\u00f1a necesitan sangre o componentes sangu\u00edneos para atender a sus enfermos, ya que la mayor\u00eda de intervenciones quir\u00fargicas y muchos de los tratamientos m\u00e9dicos requieren transfusiones&quot;.<\/p>\n<p>El alcalde de El Vendrell, Mart\u00ed Carnicer, se ha a\u00f1adido a la llamada a la poblaci\u00f3n de El Vendrell para que vaya a donar sangre este s\u00e1bado por la ma\u00f1ana en el local de los Nens del Vendrell, teniendo en cuenta que la sangre y sus componentes tienen un vida limitada y que, por otra parte, el uso de sangre es diario.<\/p>\n","protected":false},"excerpt":{"rendered":"<p>Los &quot;Nens del Vendrell&quot; organizan este fin de semana un conjunto de actos para conmemorar el 90 aniversario del grupo. M\u00e1s all\u00e1 de las actividades de castellers, los Nens han previsto tambi\u00e9n un acto solidario: una donaci\u00f3n de sangre, que se har\u00e1 el s\u00e1bado 4 de junio, de 10 a 14h, en el local social [&hellip;]<\/p>\n","protected":false},"author":1,"featured_media":23047,"comment_status":"open","ping_status":"closed","sticky":false,"template":"","format":"standard","meta":{"_acf_changed":false,"_et_pb_use_builder":"","_et_pb_old_content":"","_et_gb_content_width":"","content-type":"","footnotes":""},"categories":[],"tags":[],"dipi_cpt_category":[],"class_list":["post-24774","post","type-post","status-publish","format-standard","has-post-thumbnail","hentry"],"acf":[],"_links":{"self":[{"href":"https:\/\/www.elvendrellturisme.com\/es\/wp-json\/wp\/v2\/posts\/24774","targetHints":{"allow":["GET"]}}],"collection":[{"href":"https:\/\/www.elvendrellturisme.com\/es\/wp-json\/wp\/v2\/posts"}],"about":[{"href":"https:\/\/www.elvendrellturisme.com\/es\/wp-json\/wp\/v2\/types\/post"}],"author":[{"embeddable":true,"href":"https:\/\/www.elvendrellturisme.com\/es\/wp-json\/wp\/v2\/users\/1"}],"replies":[{"embeddable":true,"href":"https:\/\/www.elvendrellturisme.com\/es\/wp-json\/wp\/v2\/comments?post=24774"}],"version-history":[{"count":0,"href":"https:\/\/www.elvendrellturisme.com\/es\/wp-json\/wp\/v2\/posts\/24774\/revisions"}],"wp:featuredmedia":[{"embeddable":true,"href":"https:\/\/www.elvendrellturisme.com\/es\/wp-json\/wp\/v2\/media\/23047"}],"wp:attachment":[{"href":"https:\/\/www.elvendrellturisme.com\/es\/wp-json\/wp\/v2\/media?parent=24774"}],"wp:term":[{"taxonomy":"category","embeddable":true,"href":"https:\/\/www.elvendrellturisme.com\/es\/wp-json\/wp\/v2\/categories?post=24774"},{"taxonomy":"post_tag","embeddable":true,"href":"https:\/\/www.elvendrellturisme.com\/es\/wp-json\/wp\/v2\/tags?post=24774"},{"taxonomy":"dipi_cpt_category","embeddable":true,"href":"https:\/\/www.elvendrellturisme.com\/es\/wp-json\/wp\/v2\/dipi_cpt_category?post=24774"}],"curies":[{"name":"wp","href":"https:\/\/api.w.org\/{rel}","templated":true}]}}