{"id":24780,"date":"2016-06-08T10:17:01","date_gmt":"2016-06-08T10:17:01","guid":{"rendered":"http:\/\/tv.dms3labs.cat\/el-vendrell-organiza-el-i-seminario-guimera-con-el-objetivo-de-reivindicar-sin-complejos-el-shakespeare-catalan\/"},"modified":"2016-06-08T10:17:01","modified_gmt":"2016-06-08T10:17:01","slug":"el-vendrell-organiza-el-i-seminario-guimera-con-el-objetivo-de-reivindicar-sin-complejos-el-shakespeare-catalan","status":"publish","type":"post","link":"https:\/\/www.elvendrellturisme.com\/es\/el-vendrell-organiza-el-i-seminario-guimera-con-el-objetivo-de-reivindicar-sin-complejos-el-shakespeare-catalan\/","title":{"rendered":"El Vendrell organiza el I Seminario Guimer\u00e0 con el objetivo de reivindicar, sin complejos, &quot;el Shakespeare catal\u00e1n&quot;"},"content":{"rendered":"<p>El Vendrell da un paso adelante en la reivindicaci\u00f3n de \u00c0ngel Guimer\u00e0 como gran dramaturgo contempor\u00e1neo organizando, el pr\u00f3ximo 11 de junio, el I Seminario Guimer\u00e0. Este encuentro centrado en la obra de Guimer\u00e0 nace bajo el auspicio de la Regidur\u00eda de Cultura del Ayuntamiento de El Vendrell, con la colaboraci\u00f3n de la Universidad Pompeu Fabra, la Sociedad Verdaguer, el Teatro Nacional de Catalu\u00f1a y la Generalitat de Catalunya, y con una clara voluntad de que tenga continuidad en el futuro.<\/p>\n<p>De hecho, se pretende que el seminario se convierta en un encuentro anual de referencia tanto para los estudiosos de Guimer\u00e0 y el teatro ochocentista, as\u00ed como para los directores, int\u00e9rpretes, escen\u00f3grafos , entre otros, que puedan representar la obra de Guimer\u00e0 en el \u00e1mbito profesional o amateur. Todo ello, contando con la participaci\u00f3n activa de la ciudadan\u00eda del Vendrell.<\/p>\n<p>Este a\u00f1o, aprovechando el \u00faltimo montaje de Mar\u00eda Rosa en el Teatro Nacional de Catalu\u00f1a, esta primera edici\u00f3n del Seminario Guimer\u00e0 se centrar\u00e1 en el estudio de esta obra, que inici\u00f3 una fruct\u00edfera y s\u00f3lida relaci\u00f3n personal y profesional del dramaturgo con la actriz Mar\u00eda Guerrero. Esta circunstancia concreta fue el punto de partida de la posterior y progresiva proyecci\u00f3n internacional de la figura y el teatro de Guimer\u00e0.<\/p>\n<p>El programa del I Seminario ser\u00e1 el siguiente:<\/p>\n<p>10.00 h Apertura del I Seminario por parte de las autoridades<br \/>\n10.30 h . Ramon Bacardit: &quot;Mar\u00eda Rosa, una obra moderna&quot;<br \/>\n11.00 h Antoni Carbonell: &quot;Maria Rosa en el aula&quot;<br \/>\n11.30 h Sharon G. Feldman: &quot;Mar\u00eda Rosa, adaptada al cine por Cecil B. de Mille&quot;<br \/>\n12:00 h Pausa- copa de vino<br \/>\n12.30 h Presentaci\u00f3n del libro Guimer\u00e0: hombre s\u00edmbolo de Xavier Albert\u00ed y Albert Arribas, Ediciones 62 .<br \/>\n13:00 h Mesa redonda: con actores y directores de teatro que han trabajado la obra de Guimer\u00e0 (Xavier Albert\u00ed, director art\u00edstico del Teatro Nacional de Catalu\u00f1a; Pau Mir\u00f3, autor y director de escena; Llu\u00eds Soler, actor; Carlota Subir\u00f3s, directora de escena y Josep Vinyes, director del Grupo de Teatro Inestable del Vendrell.<\/p>\n<p>Todos estos actos se llevar\u00e1n a cabo en la Sala Polivalente del EMMPAC y la entrada es libre y gratuita.<\/p>\n<p>Ya por la tarde, el Seminario incluir\u00e1 dos visitas teatralizadas al Museo \u00c0ngel Guimer\u00e0, basadas en la obra Mar\u00eda Rosa, a cargo del Grupo de Teatro Inestable del Vendrell. Las sesiones ser\u00e1n a las 19h y las 20h. Las visitas tienen plazas limitadas y hay que hacer reserva previa en el tel\u00e9fono 977 66 10 06\/ 977 18 13 88 o al correo visitesmuseus@elvendrell.net. El precio de la entrada es de 5 \u20ac.<\/p>\n<p>Para la regidora de Cultura, Eva M. Serrami\u00e0, este primer Seminario &quot;es un paso m\u00e1s y muy relevante en la tarea de difusi\u00f3n que se hace de \u00c0ngel Guimer\u00e0 desde el Vendrell. Aparte de la entrada en funcionamiento del Museo, de las actividades pedag\u00f3gicas que se organizan y otras propuestas como las rutas literarias, ahora hab\u00eda que dar relieve al autor, reivindicar Guimer\u00e0 sin complejos&quot;.<\/p>\n<p>Hay que recordar que en septiembre de 1995 se celebr\u00f3 en el Vendrell el I Congreso sobre &quot;\u00c0ngel Guimer\u00e0 y el teatro catal\u00e1n en el siglo XIX&quot; en el marco de las actividades del Siglo Rom\u00e1ntico que se organizaron ese a\u00f1o. Desde entonces, la difusi\u00f3n sobre la personalidad, la actividad intelectual y la obra literaria de Guimer\u00e0 ha alcanzado un sentido y amplio reconocimiento en todos los \u00e1mbitos posibles. En el \u00e1mbito teatral, su presencia esc\u00e9nica se ha regularizado en el teatro p\u00fablico y privado, paralelamente a que hoy Guimer\u00e0 sigue siendo un dramaturgo indiscutible de repertorio de los grupos de teatro de aficionados de nuestro pa\u00eds.<\/p>\n<p>En el \u00e1mbito de la ense\u00f1anza y de la investigaci\u00f3n, en los \u00faltimos veinte a\u00f1os se han realizado ediciones diversas de algunos de sus textos dram\u00e1ticos m\u00e1s significativos, se ha reeditado su obra po\u00e9tica, y se han realizado trabajos de investigaci\u00f3n y doctorado, la mayor\u00eda publicados, que han contribuido a dar a conocer y comprender con miradas nuevas y planteamientos renovados la riqueza del conjunto de su obra literaria.<\/p>\n<p>Las ponencias del Seminario Guimer\u00e0 a\u00f1adir\u00e1n a este corpus documental sobre el autor, ya que una vez finalice el Seminario ser\u00e1n publicadas en un volumen de una nueva colecci\u00f3n local.<\/p>\n","protected":false},"excerpt":{"rendered":"<p>El Vendrell da un paso adelante en la reivindicaci\u00f3n de \u00c0ngel Guimer\u00e0 como gran dramaturgo contempor\u00e1neo organizando, el pr\u00f3ximo 11 de junio, el I Seminario Guimer\u00e0. Este encuentro centrado en la obra de Guimer\u00e0 nace bajo el auspicio de la Regidur\u00eda de Cultura del Ayuntamiento de El Vendrell, con la colaboraci\u00f3n de la Universidad Pompeu [&hellip;]<\/p>\n","protected":false},"author":1,"featured_media":23059,"comment_status":"open","ping_status":"closed","sticky":false,"template":"","format":"standard","meta":{"_acf_changed":false,"_et_pb_use_builder":"","_et_pb_old_content":"","_et_gb_content_width":"","content-type":"","footnotes":""},"categories":[],"tags":[],"dipi_cpt_category":[],"class_list":["post-24780","post","type-post","status-publish","format-standard","has-post-thumbnail","hentry"],"acf":[],"_links":{"self":[{"href":"https:\/\/www.elvendrellturisme.com\/es\/wp-json\/wp\/v2\/posts\/24780","targetHints":{"allow":["GET"]}}],"collection":[{"href":"https:\/\/www.elvendrellturisme.com\/es\/wp-json\/wp\/v2\/posts"}],"about":[{"href":"https:\/\/www.elvendrellturisme.com\/es\/wp-json\/wp\/v2\/types\/post"}],"author":[{"embeddable":true,"href":"https:\/\/www.elvendrellturisme.com\/es\/wp-json\/wp\/v2\/users\/1"}],"replies":[{"embeddable":true,"href":"https:\/\/www.elvendrellturisme.com\/es\/wp-json\/wp\/v2\/comments?post=24780"}],"version-history":[{"count":0,"href":"https:\/\/www.elvendrellturisme.com\/es\/wp-json\/wp\/v2\/posts\/24780\/revisions"}],"wp:featuredmedia":[{"embeddable":true,"href":"https:\/\/www.elvendrellturisme.com\/es\/wp-json\/wp\/v2\/media\/23059"}],"wp:attachment":[{"href":"https:\/\/www.elvendrellturisme.com\/es\/wp-json\/wp\/v2\/media?parent=24780"}],"wp:term":[{"taxonomy":"category","embeddable":true,"href":"https:\/\/www.elvendrellturisme.com\/es\/wp-json\/wp\/v2\/categories?post=24780"},{"taxonomy":"post_tag","embeddable":true,"href":"https:\/\/www.elvendrellturisme.com\/es\/wp-json\/wp\/v2\/tags?post=24780"},{"taxonomy":"dipi_cpt_category","embeddable":true,"href":"https:\/\/www.elvendrellturisme.com\/es\/wp-json\/wp\/v2\/dipi_cpt_category?post=24780"}],"curies":[{"name":"wp","href":"https:\/\/api.w.org\/{rel}","templated":true}]}}