{"id":24781,"date":"2016-06-09T12:09:33","date_gmt":"2016-06-09T12:09:33","guid":{"rendered":"http:\/\/tv.dms3labs.cat\/todo-a-punto-para-la-celebracion-de-la-5a-feria-de-entidades\/"},"modified":"2016-06-09T12:09:33","modified_gmt":"2016-06-09T12:09:33","slug":"todo-a-punto-para-la-celebracion-de-la-5a-feria-de-entidades","status":"publish","type":"post","link":"https:\/\/www.elvendrellturisme.com\/es\/todo-a-punto-para-la-celebracion-de-la-5a-feria-de-entidades\/","title":{"rendered":"Todo a punto para la celebraci\u00f3n de la 5\u00aa Feria de Entidades"},"content":{"rendered":"<p>El pr\u00f3ximo s\u00e1bado 11 de junio, de 10 h a 22 h, la Rambla de El Vendrell acoger\u00e1 la 5\u00aa Feria de Entidades del Vendrell, organizada por una comisi\u00f3n formada por voluntarios de las entidades: Club de Tennis Coma-ruga Atl\u00e8tic, Agrupaci\u00f3 Musical y Majorets Santa Anna, Asociaci\u00f3n Tr\u00e8vol , Secci\u00f3 de M\u00e0gia de La Lira Vendrellenca , Asociaci\u00f3n Teatre Esp(l)ai y Colla Sardanista Dansaires del Pened\u00e8s.<\/p>\n<p>Esta comisi\u00f3n, con el apoyo del Ayuntamiento de El Vendrell, ha trabajado intensamente en los \u00faltimos meses para que las entidades puedan darse a conocer y presentar sus actividades.<\/p>\n<p>Una de las novedades es que en esta edici\u00f3n tambi\u00e9n se han juntado las entidades deportivas. En total, se contar\u00e1 con la participaci\u00f3n de 49 entidades.<\/p>\n<p>Este a\u00f1o, adem\u00e1s, coincide con el Proyecto Andrea en El Vendrell con cursos de primeros auxilios y de uso de desfibriladores.<\/p>\n<p>El cartel de esta edici\u00f3n de la Feria de Entidades ha sido creado y dado de forma desinteresada por Antonio Jos\u00e9 Huerta.<\/p>\n","protected":false},"excerpt":{"rendered":"<p>El pr\u00f3ximo s\u00e1bado 11 de junio, de 10 h a 22 h, la Rambla de El Vendrell acoger\u00e1 la 5\u00aa Feria de Entidades del Vendrell, organizada por una comisi\u00f3n formada por voluntarios de las entidades: Club de Tennis Coma-ruga Atl\u00e8tic, Agrupaci\u00f3 Musical y Majorets Santa Anna, Asociaci\u00f3n Tr\u00e8vol , Secci\u00f3 de M\u00e0gia de La Lira [&hellip;]<\/p>\n","protected":false},"author":1,"featured_media":23061,"comment_status":"open","ping_status":"closed","sticky":false,"template":"","format":"standard","meta":{"_acf_changed":false,"_et_pb_use_builder":"","_et_pb_old_content":"","_et_gb_content_width":"","content-type":"","footnotes":""},"categories":[],"tags":[],"dipi_cpt_category":[],"class_list":["post-24781","post","type-post","status-publish","format-standard","has-post-thumbnail","hentry"],"acf":[],"_links":{"self":[{"href":"https:\/\/www.elvendrellturisme.com\/es\/wp-json\/wp\/v2\/posts\/24781","targetHints":{"allow":["GET"]}}],"collection":[{"href":"https:\/\/www.elvendrellturisme.com\/es\/wp-json\/wp\/v2\/posts"}],"about":[{"href":"https:\/\/www.elvendrellturisme.com\/es\/wp-json\/wp\/v2\/types\/post"}],"author":[{"embeddable":true,"href":"https:\/\/www.elvendrellturisme.com\/es\/wp-json\/wp\/v2\/users\/1"}],"replies":[{"embeddable":true,"href":"https:\/\/www.elvendrellturisme.com\/es\/wp-json\/wp\/v2\/comments?post=24781"}],"version-history":[{"count":0,"href":"https:\/\/www.elvendrellturisme.com\/es\/wp-json\/wp\/v2\/posts\/24781\/revisions"}],"wp:featuredmedia":[{"embeddable":true,"href":"https:\/\/www.elvendrellturisme.com\/es\/wp-json\/wp\/v2\/media\/23061"}],"wp:attachment":[{"href":"https:\/\/www.elvendrellturisme.com\/es\/wp-json\/wp\/v2\/media?parent=24781"}],"wp:term":[{"taxonomy":"category","embeddable":true,"href":"https:\/\/www.elvendrellturisme.com\/es\/wp-json\/wp\/v2\/categories?post=24781"},{"taxonomy":"post_tag","embeddable":true,"href":"https:\/\/www.elvendrellturisme.com\/es\/wp-json\/wp\/v2\/tags?post=24781"},{"taxonomy":"dipi_cpt_category","embeddable":true,"href":"https:\/\/www.elvendrellturisme.com\/es\/wp-json\/wp\/v2\/dipi_cpt_category?post=24781"}],"curies":[{"name":"wp","href":"https:\/\/api.w.org\/{rel}","templated":true}]}}