{"id":24786,"date":"2016-06-24T19:52:16","date_gmt":"2016-06-24T19:52:16","guid":{"rendered":"http:\/\/tv.dms3labs.cat\/la-sala-del-portal-del-pardo-acogera-una-exposicion-sobre-angel-guimera\/"},"modified":"2016-06-24T19:52:16","modified_gmt":"2016-06-24T19:52:16","slug":"la-sala-del-portal-del-pardo-acogera-una-exposicion-sobre-angel-guimera","status":"publish","type":"post","link":"https:\/\/www.elvendrellturisme.com\/es\/la-sala-del-portal-del-pardo-acogera-una-exposicion-sobre-angel-guimera\/","title":{"rendered":"La Sala del Portal del Pardo acoger\u00e1 una exposici\u00f3n sobre \u00c0ngel Guimer\u00e0"},"content":{"rendered":"<p>La Sala del Portal del Pardo acoger\u00e1 el pr\u00f3ximo viernes 1 de julio, a las 18.30 h, la inauguraci\u00f3n de una exposici\u00f3n sobre \u00c0ngel Guimer\u00e0. Una muestra que hace un recorrido por la figura de \u00c0ngel Guimer\u00e0 y que presenta las contradicciones del autor entre la popularidad del personaje p\u00fablico y su tortuosa individualidad.<\/p>\n<p>El discurso textual de la exposici\u00f3n, que se acompa\u00f1a de varios paneles con fotograf\u00edas de actores y actrices de la \u00e9poca, nos ayudar\u00e1 a reflexionar sobre la configuraci\u00f3n de la cultura catalana moderna. Todos los materiales de la exposici\u00f3n provienen del Centro de Documentaci\u00f3n y Museo de las Artes Esc\u00e9nicas del Instituto del Teatro con la colaboraci\u00f3n de la Biblioteca de Catalu\u00f1a. Esta exposici\u00f3n forma parte de las actividades programadas del Epicentro Guimer\u00e0 y se ha podido ver ya en el vest\u00edbulo de la Sala Grande del Teatro Nacional de Catalu\u00f1a.<\/p>\n","protected":false},"excerpt":{"rendered":"<p>La Sala del Portal del Pardo acoger\u00e1 el pr\u00f3ximo viernes 1 de julio, a las 18.30 h, la inauguraci\u00f3n de una exposici\u00f3n sobre \u00c0ngel Guimer\u00e0. Una muestra que hace un recorrido por la figura de \u00c0ngel Guimer\u00e0 y que presenta las contradicciones del autor entre la popularidad del personaje p\u00fablico y su tortuosa individualidad. El [&hellip;]<\/p>\n","protected":false},"author":1,"featured_media":23071,"comment_status":"open","ping_status":"closed","sticky":false,"template":"","format":"standard","meta":{"_acf_changed":false,"_et_pb_use_builder":"","_et_pb_old_content":"","_et_gb_content_width":"","content-type":"","footnotes":""},"categories":[],"tags":[],"dipi_cpt_category":[],"class_list":["post-24786","post","type-post","status-publish","format-standard","has-post-thumbnail","hentry"],"acf":[],"_links":{"self":[{"href":"https:\/\/www.elvendrellturisme.com\/es\/wp-json\/wp\/v2\/posts\/24786","targetHints":{"allow":["GET"]}}],"collection":[{"href":"https:\/\/www.elvendrellturisme.com\/es\/wp-json\/wp\/v2\/posts"}],"about":[{"href":"https:\/\/www.elvendrellturisme.com\/es\/wp-json\/wp\/v2\/types\/post"}],"author":[{"embeddable":true,"href":"https:\/\/www.elvendrellturisme.com\/es\/wp-json\/wp\/v2\/users\/1"}],"replies":[{"embeddable":true,"href":"https:\/\/www.elvendrellturisme.com\/es\/wp-json\/wp\/v2\/comments?post=24786"}],"version-history":[{"count":0,"href":"https:\/\/www.elvendrellturisme.com\/es\/wp-json\/wp\/v2\/posts\/24786\/revisions"}],"wp:featuredmedia":[{"embeddable":true,"href":"https:\/\/www.elvendrellturisme.com\/es\/wp-json\/wp\/v2\/media\/23071"}],"wp:attachment":[{"href":"https:\/\/www.elvendrellturisme.com\/es\/wp-json\/wp\/v2\/media?parent=24786"}],"wp:term":[{"taxonomy":"category","embeddable":true,"href":"https:\/\/www.elvendrellturisme.com\/es\/wp-json\/wp\/v2\/categories?post=24786"},{"taxonomy":"post_tag","embeddable":true,"href":"https:\/\/www.elvendrellturisme.com\/es\/wp-json\/wp\/v2\/tags?post=24786"},{"taxonomy":"dipi_cpt_category","embeddable":true,"href":"https:\/\/www.elvendrellturisme.com\/es\/wp-json\/wp\/v2\/dipi_cpt_category?post=24786"}],"curies":[{"name":"wp","href":"https:\/\/api.w.org\/{rel}","templated":true}]}}