{"id":24788,"date":"2016-06-30T10:14:44","date_gmt":"2016-06-30T10:14:44","guid":{"rendered":"http:\/\/tv.dms3labs.cat\/el-10-de-julio-mullat-por-la-esclerosis-multiple\/"},"modified":"2016-06-30T10:14:44","modified_gmt":"2016-06-30T10:14:44","slug":"el-10-de-julio-mullat-por-la-esclerosis-multiple","status":"publish","type":"post","link":"https:\/\/www.elvendrellturisme.com\/es\/el-10-de-julio-mullat-por-la-esclerosis-multiple\/","title":{"rendered":"El 10 de julio, MULLA&#8217;T por la esclerosis m\u00faltiple"},"content":{"rendered":"<p>El pr\u00f3ximo 10 de julio de 2016, un a\u00f1o m\u00e1s, la piscina cubierta de la av. Camp d&#8217;Esports y la piscina descubierta del Complejo Deportivo Club de Tenis Vendrell colaborar\u00e1n con campa\u00f1a &quot;Mulla&#8217;t&quot;, que la Fundaci\u00f3n Esclerosis M\u00faltiple organiza desde el a\u00f1o 1994.<\/p>\n<p>Desde la Regidur\u00eda de Deportes, se quiere invitar a todos los vendrellenses a mojarse de forma literal el domingo d\u00eda 10 de julio, a cualquiera de las dos piscinas municipales abiertas el domingo. Usando su ba\u00f1o solidario, se quiere ayudar a la Fundaci\u00f3n a batir un nuevo r\u00e9cord de personas que se mojan por esta causa para apoyar a las m\u00e1s de 7.000 personas afectadas por esta enfermedad en Catalu\u00f1a.<\/p>\n<p>Nadar metros solidarios, comprar merchandising de la campa\u00f1a, toalla, camisetas, bolsa&#8230;<\/p>\n<p>Este a\u00f1o el &quot;Mulla&#8217;t&quot; celebra la 23\u00aa edici\u00f3n. Esperamos de coraz\u00f3n que una vez m\u00e1s os moj\u00e9is para las personas que padecen esclerosis m\u00faltiple.<\/p>\n<p>Este a\u00f1o los dibujos de la imagen de la campa\u00f1a han sido realizados por &quot;La Casa de Carlota&quot;, un estudio de dise\u00f1o en el que trabajan j\u00f3venes estudiantes de escuelas de dise\u00f1o e incre\u00edbles creativos con s\u00edndrome de Down y autismo, que han querido sumar su talento a la lucha contra la esclerosis m\u00faltiple.<\/p>\n","protected":false},"excerpt":{"rendered":"<p>El pr\u00f3ximo 10 de julio de 2016, un a\u00f1o m\u00e1s, la piscina cubierta de la av. Camp d&#8217;Esports y la piscina descubierta del Complejo Deportivo Club de Tenis Vendrell colaborar\u00e1n con campa\u00f1a &quot;Mulla&#8217;t&quot;, que la Fundaci\u00f3n Esclerosis M\u00faltiple organiza desde el a\u00f1o 1994. Desde la Regidur\u00eda de Deportes, se quiere invitar a todos los vendrellenses [&hellip;]<\/p>\n","protected":false},"author":1,"featured_media":23075,"comment_status":"open","ping_status":"closed","sticky":false,"template":"","format":"standard","meta":{"_acf_changed":false,"_et_pb_use_builder":"","_et_pb_old_content":"","_et_gb_content_width":"","content-type":"","footnotes":""},"categories":[],"tags":[],"dipi_cpt_category":[],"class_list":["post-24788","post","type-post","status-publish","format-standard","has-post-thumbnail","hentry"],"acf":[],"_links":{"self":[{"href":"https:\/\/www.elvendrellturisme.com\/es\/wp-json\/wp\/v2\/posts\/24788","targetHints":{"allow":["GET"]}}],"collection":[{"href":"https:\/\/www.elvendrellturisme.com\/es\/wp-json\/wp\/v2\/posts"}],"about":[{"href":"https:\/\/www.elvendrellturisme.com\/es\/wp-json\/wp\/v2\/types\/post"}],"author":[{"embeddable":true,"href":"https:\/\/www.elvendrellturisme.com\/es\/wp-json\/wp\/v2\/users\/1"}],"replies":[{"embeddable":true,"href":"https:\/\/www.elvendrellturisme.com\/es\/wp-json\/wp\/v2\/comments?post=24788"}],"version-history":[{"count":0,"href":"https:\/\/www.elvendrellturisme.com\/es\/wp-json\/wp\/v2\/posts\/24788\/revisions"}],"wp:featuredmedia":[{"embeddable":true,"href":"https:\/\/www.elvendrellturisme.com\/es\/wp-json\/wp\/v2\/media\/23075"}],"wp:attachment":[{"href":"https:\/\/www.elvendrellturisme.com\/es\/wp-json\/wp\/v2\/media?parent=24788"}],"wp:term":[{"taxonomy":"category","embeddable":true,"href":"https:\/\/www.elvendrellturisme.com\/es\/wp-json\/wp\/v2\/categories?post=24788"},{"taxonomy":"post_tag","embeddable":true,"href":"https:\/\/www.elvendrellturisme.com\/es\/wp-json\/wp\/v2\/tags?post=24788"},{"taxonomy":"dipi_cpt_category","embeddable":true,"href":"https:\/\/www.elvendrellturisme.com\/es\/wp-json\/wp\/v2\/dipi_cpt_category?post=24788"}],"curies":[{"name":"wp","href":"https:\/\/api.w.org\/{rel}","templated":true}]}}