{"id":24792,"date":"2016-07-06T11:45:41","date_gmt":"2016-07-06T11:45:41","guid":{"rendered":"http:\/\/tv.dms3labs.cat\/el-28o-musica-en-la-villa-presenta-seis-conciertos-para-los-miercoles-de-agosto\/"},"modified":"2016-07-06T11:45:41","modified_gmt":"2016-07-06T11:45:41","slug":"el-28o-musica-en-la-villa-presenta-seis-conciertos-para-los-miercoles-de-agosto","status":"publish","type":"post","link":"https:\/\/www.elvendrellturisme.com\/es\/el-28o-musica-en-la-villa-presenta-seis-conciertos-para-los-miercoles-de-agosto\/","title":{"rendered":"El 28\u00ba M\u00fasica en la Villa presenta seis conciertos para los mi\u00e9rcoles de agosto"},"content":{"rendered":"<p>Los mi\u00e9rcoles de agosto, a las 10 de la noche, la plaza del T\u00edvoli El Vendrell acoge el festival de m\u00fasica tradicional M\u00fasica en la Villa. La 28\u00aa edici\u00f3n de este festival comenzar\u00e1 el mi\u00e9rcoles 3 de agosto con la actuaci\u00f3n del grupo The New Catal\u00e1n Ensemble que presentar\u00e1 su proyecto ruralismo ilustrado.<\/p>\n<p>El mi\u00e9rcoles 10 de agosto, los componentes de Saur\u00ed har\u00e1n dos conciertos: uno a las 8 de la tarde h, de car\u00e1cter familiar, y el de la hora habitual, a las 10 de la noche. Este d\u00eda se podr\u00e1 disfrutar doblemente del trabajo de experimentaci\u00f3n iniciado por cinco m\u00fasicos en una antigua granja de Albinyana.<\/p>\n<p>El mi\u00e9rcoles 17 de agosto, la Cobla Catalana de los Sonidos Esenciales har\u00e1 sonar melod\u00edas, timbres y ritmos en un formato de rabiosa actualidad y de improvisaci\u00f3n \u00e9tnica.<\/p>\n","protected":false},"excerpt":{"rendered":"<p>Los mi\u00e9rcoles de agosto, a las 10 de la noche, la plaza del T\u00edvoli El Vendrell acoge el festival de m\u00fasica tradicional M\u00fasica en la Villa. La 28\u00aa edici\u00f3n de este festival comenzar\u00e1 el mi\u00e9rcoles 3 de agosto con la actuaci\u00f3n del grupo The New Catal\u00e1n Ensemble que presentar\u00e1 su proyecto ruralismo ilustrado. El mi\u00e9rcoles [&hellip;]<\/p>\n","protected":false},"author":1,"featured_media":23083,"comment_status":"open","ping_status":"closed","sticky":false,"template":"","format":"standard","meta":{"_acf_changed":false,"_et_pb_use_builder":"","_et_pb_old_content":"","_et_gb_content_width":"","content-type":"","footnotes":""},"categories":[],"tags":[],"dipi_cpt_category":[],"class_list":["post-24792","post","type-post","status-publish","format-standard","has-post-thumbnail","hentry"],"acf":[],"_links":{"self":[{"href":"https:\/\/www.elvendrellturisme.com\/es\/wp-json\/wp\/v2\/posts\/24792","targetHints":{"allow":["GET"]}}],"collection":[{"href":"https:\/\/www.elvendrellturisme.com\/es\/wp-json\/wp\/v2\/posts"}],"about":[{"href":"https:\/\/www.elvendrellturisme.com\/es\/wp-json\/wp\/v2\/types\/post"}],"author":[{"embeddable":true,"href":"https:\/\/www.elvendrellturisme.com\/es\/wp-json\/wp\/v2\/users\/1"}],"replies":[{"embeddable":true,"href":"https:\/\/www.elvendrellturisme.com\/es\/wp-json\/wp\/v2\/comments?post=24792"}],"version-history":[{"count":0,"href":"https:\/\/www.elvendrellturisme.com\/es\/wp-json\/wp\/v2\/posts\/24792\/revisions"}],"wp:featuredmedia":[{"embeddable":true,"href":"https:\/\/www.elvendrellturisme.com\/es\/wp-json\/wp\/v2\/media\/23083"}],"wp:attachment":[{"href":"https:\/\/www.elvendrellturisme.com\/es\/wp-json\/wp\/v2\/media?parent=24792"}],"wp:term":[{"taxonomy":"category","embeddable":true,"href":"https:\/\/www.elvendrellturisme.com\/es\/wp-json\/wp\/v2\/categories?post=24792"},{"taxonomy":"post_tag","embeddable":true,"href":"https:\/\/www.elvendrellturisme.com\/es\/wp-json\/wp\/v2\/tags?post=24792"},{"taxonomy":"dipi_cpt_category","embeddable":true,"href":"https:\/\/www.elvendrellturisme.com\/es\/wp-json\/wp\/v2\/dipi_cpt_category?post=24792"}],"curies":[{"name":"wp","href":"https:\/\/api.w.org\/{rel}","templated":true}]}}