{"id":24794,"date":"2016-07-09T15:33:23","date_gmt":"2016-07-09T15:33:23","guid":{"rendered":"http:\/\/tv.dms3labs.cat\/fent-km-fas-escola-con-la-38a-cursa-popular-vila-del-vendrell\/"},"modified":"2016-07-09T15:33:23","modified_gmt":"2016-07-09T15:33:23","slug":"fent-km-fas-escola-con-la-38a-cursa-popular-vila-del-vendrell","status":"publish","type":"post","link":"https:\/\/www.elvendrellturisme.com\/es\/fent-km-fas-escola-con-la-38a-cursa-popular-vila-del-vendrell\/","title":{"rendered":"&quot;Fent km, fas escola! con la 38a Cursa Popular Vila del Vendrell&quot;"},"content":{"rendered":"<p>El pr\u00f3ximo 17 de julio de 2016 se celebrar\u00e1 una nueva edici\u00f3n de la Carrera Popular de El Vendrell. Organizada por la Regidur\u00eda de Deportes del Vendrell y con la colaboraci\u00f3n del Club de atletismo Runners El Vendrell, ser\u00e1 la 38\u00aa edici\u00f3n de una prueba que llenar\u00e1 las calles de El Vendrell de deporte y de color.<\/p>\n<p>Este a\u00f1o con el eslogan &quot;Fent km, fas escola!&quot; se quiere hacer reconocimiento a los deportistas de la escuela del club de atletismo runners Vendrell para que los ni\u00f1os y ni\u00f1as que deseen hacer atletismo y no tengan recursos econ\u00f3micos, lo puedan practicar. De esta manera todo el dinero recaudado, en forma de donativo, ir\u00e1 destinado para becar a estos ni\u00f1os y ni\u00f1as.<\/p>\n<p>La inscripci\u00f3n en la carrera es gratuita, pero dado el car\u00e1cter solidario de la prueba, se podr\u00e1 hacer una donaci\u00f3n m\u00ednima de 1 \u20ac para beneficiar a los ni\u00f1os que tienen dificultades para pagar la cuota al club de atletismo Runners Vendrell. Este donativo, deber\u00e1 darse en el momento de la recogida de dorsales.<\/p>\n<p>Tambi\u00e9n hacemos un llamamiento a todos aquellos que quer\u00e1is echar una mano en la organizaci\u00f3n haciendo de voluntarios. Pueden ponerse en contacto con nosotros en el mail runnerselvendrell@gmail.com<\/p>\n<p>Se celebrar\u00e1n 4 carreras, tres por categor\u00edas infantiles y la carrera open abierta a todos:<br \/>\n&#8211; 1\u00aa prueba: 350m (1 vuelta circuito infantil) &#8211; Nacidos de 2007 en adelante<br \/>\n&#8211; 2\u00aa prueba: 700m (2 vueltas circuito infantil) &#8211; Nacidos de 2006 a 2003<br \/>\n&#8211; 3\u00aa prueba: 3 km (1 vuelta circuito open) &#8211; Nacidos de 2002 a 1999<br \/>\n&#8211; 4\u00aa prueba: 6km (2 vueltas circuito open) &#8211; Abierta a todos<\/p>\n<p>Inscripciones:<br \/>\n&#8211; On-line hasta el d\u00eda 16 de julio de 2016 a las 23:59h -> Formulario de inscripci\u00f3n: https:\/\/www.runnerselvendrell.cat\/app\/index.php&#8230;<br \/>\n&#8211; Se podr\u00e1n realizar inscripciones el d\u00eda de la carrera.<br \/>\n&#8211; Recogida de dorsales: el d\u00eda de la prueba entre las 18:15 y las 20:00h en las carpas de la organizaci\u00f3n situadas a la salida de la prueba<\/p>\n","protected":false},"excerpt":{"rendered":"<p>El pr\u00f3ximo 17 de julio de 2016 se celebrar\u00e1 una nueva edici\u00f3n de la Carrera Popular de El Vendrell. Organizada por la Regidur\u00eda de Deportes del Vendrell y con la colaboraci\u00f3n del Club de atletismo Runners El Vendrell, ser\u00e1 la 38\u00aa edici\u00f3n de una prueba que llenar\u00e1 las calles de El Vendrell de deporte y [&hellip;]<\/p>\n","protected":false},"author":1,"featured_media":23087,"comment_status":"open","ping_status":"closed","sticky":false,"template":"","format":"standard","meta":{"_acf_changed":false,"_et_pb_use_builder":"","_et_pb_old_content":"","_et_gb_content_width":"","content-type":"","footnotes":""},"categories":[],"tags":[],"dipi_cpt_category":[],"class_list":["post-24794","post","type-post","status-publish","format-standard","has-post-thumbnail","hentry"],"acf":[],"_links":{"self":[{"href":"https:\/\/www.elvendrellturisme.com\/es\/wp-json\/wp\/v2\/posts\/24794","targetHints":{"allow":["GET"]}}],"collection":[{"href":"https:\/\/www.elvendrellturisme.com\/es\/wp-json\/wp\/v2\/posts"}],"about":[{"href":"https:\/\/www.elvendrellturisme.com\/es\/wp-json\/wp\/v2\/types\/post"}],"author":[{"embeddable":true,"href":"https:\/\/www.elvendrellturisme.com\/es\/wp-json\/wp\/v2\/users\/1"}],"replies":[{"embeddable":true,"href":"https:\/\/www.elvendrellturisme.com\/es\/wp-json\/wp\/v2\/comments?post=24794"}],"version-history":[{"count":0,"href":"https:\/\/www.elvendrellturisme.com\/es\/wp-json\/wp\/v2\/posts\/24794\/revisions"}],"wp:featuredmedia":[{"embeddable":true,"href":"https:\/\/www.elvendrellturisme.com\/es\/wp-json\/wp\/v2\/media\/23087"}],"wp:attachment":[{"href":"https:\/\/www.elvendrellturisme.com\/es\/wp-json\/wp\/v2\/media?parent=24794"}],"wp:term":[{"taxonomy":"category","embeddable":true,"href":"https:\/\/www.elvendrellturisme.com\/es\/wp-json\/wp\/v2\/categories?post=24794"},{"taxonomy":"post_tag","embeddable":true,"href":"https:\/\/www.elvendrellturisme.com\/es\/wp-json\/wp\/v2\/tags?post=24794"},{"taxonomy":"dipi_cpt_category","embeddable":true,"href":"https:\/\/www.elvendrellturisme.com\/es\/wp-json\/wp\/v2\/dipi_cpt_category?post=24794"}],"curies":[{"name":"wp","href":"https:\/\/api.w.org\/{rel}","templated":true}]}}