{"id":24797,"date":"2016-07-20T10:00:01","date_gmt":"2016-07-20T10:00:01","guid":{"rendered":"http:\/\/tv.dms3labs.cat\/el-festival-internacional-de-musica-pau-casals-continua-el-sabado-con-la-orquesta-camerata-xxi\/"},"modified":"2016-07-20T10:00:01","modified_gmt":"2016-07-20T10:00:01","slug":"el-festival-internacional-de-musica-pau-casals-continua-el-sabado-con-la-orquesta-camerata-xxi","status":"publish","type":"post","link":"https:\/\/www.elvendrellturisme.com\/es\/el-festival-internacional-de-musica-pau-casals-continua-el-sabado-con-la-orquesta-camerata-xxi\/","title":{"rendered":"El Festival Internacional de M\u00fasica Pau Casals contin\u00faa el s\u00e1bado con la Orquesta Camerata XXI"},"content":{"rendered":"<p>Despu\u00e9s del \u00e9xito del concierto inaugural del 36 Festival Internacional de m\u00fasica Pau Casals del pasado s\u00e1bado a cargo de la violonchelista Marie Elisabeth Hecker y el pianista Michail Lifitis, este pr\u00f3ximo 23 de julio llega la segunda cita de la programaci\u00f3n del FIMPC: la Orquesta Camerata XXI, dirigida, en esta ocasi\u00f3n, por \u00d3scar Colomina.<\/p>\n<p>En el concierto de este pr\u00f3ximo s\u00e1bado 23 de julio (20:30h), el p\u00fablico podr\u00e1 escuchar el Divertimento para cuerdas KV 138 de W.A. Mozart, de dif\u00edcil ejecuci\u00f3n pero alegre y cargado de buen humor; la Serenata para cuerdas Op.20 de E. Elgar, una pieza que har\u00e1 sentir emoci\u00f3n y serenidad, como si pase\u00e1ramos por el campo y oli\u00e9ramos el perfume de las flores; y finalmente, el Divertimento para cuerdas de B.Bart\u00f3k, que combina la tradici\u00f3n con la modernidad y, en este caso, el buen humor y las ganas de agradar.<\/p>\n<p>Un programa interpretado por la Orquesta Camerata XXI, fundada en 2003 y de la que forman parte los mejores m\u00fasicos de las comarcas del Camp de Tarragona. Una orquesta que ha ido haciendo camino hasta ser una de las mejores orquestas de c\u00e1mara de Catalu\u00f1a y residente en el Festival Internacional de m\u00fasica Pau Casals.<\/p>\n<p>La Orquesta Camerata XXI estar\u00e1 dirigida por el compositor y director de orquesta \u00d3scar Colomina. Sus composiciones se han estrenado en Wigmor Hall, Royal Festival Hall o el Queen Elizabeth Hall y dirige los ensembles en la Royal Academy of Music y la Yehudi Menuhin School.<\/p>\n","protected":false},"excerpt":{"rendered":"<p>Despu\u00e9s del \u00e9xito del concierto inaugural del 36 Festival Internacional de m\u00fasica Pau Casals del pasado s\u00e1bado a cargo de la violonchelista Marie Elisabeth Hecker y el pianista Michail Lifitis, este pr\u00f3ximo 23 de julio llega la segunda cita de la programaci\u00f3n del FIMPC: la Orquesta Camerata XXI, dirigida, en esta ocasi\u00f3n, por \u00d3scar Colomina. [&hellip;]<\/p>\n","protected":false},"author":1,"featured_media":23093,"comment_status":"open","ping_status":"closed","sticky":false,"template":"","format":"standard","meta":{"_acf_changed":false,"_et_pb_use_builder":"","_et_pb_old_content":"","_et_gb_content_width":"","content-type":"","footnotes":""},"categories":[],"tags":[],"dipi_cpt_category":[],"class_list":["post-24797","post","type-post","status-publish","format-standard","has-post-thumbnail","hentry"],"acf":[],"_links":{"self":[{"href":"https:\/\/www.elvendrellturisme.com\/es\/wp-json\/wp\/v2\/posts\/24797","targetHints":{"allow":["GET"]}}],"collection":[{"href":"https:\/\/www.elvendrellturisme.com\/es\/wp-json\/wp\/v2\/posts"}],"about":[{"href":"https:\/\/www.elvendrellturisme.com\/es\/wp-json\/wp\/v2\/types\/post"}],"author":[{"embeddable":true,"href":"https:\/\/www.elvendrellturisme.com\/es\/wp-json\/wp\/v2\/users\/1"}],"replies":[{"embeddable":true,"href":"https:\/\/www.elvendrellturisme.com\/es\/wp-json\/wp\/v2\/comments?post=24797"}],"version-history":[{"count":0,"href":"https:\/\/www.elvendrellturisme.com\/es\/wp-json\/wp\/v2\/posts\/24797\/revisions"}],"wp:featuredmedia":[{"embeddable":true,"href":"https:\/\/www.elvendrellturisme.com\/es\/wp-json\/wp\/v2\/media\/23093"}],"wp:attachment":[{"href":"https:\/\/www.elvendrellturisme.com\/es\/wp-json\/wp\/v2\/media?parent=24797"}],"wp:term":[{"taxonomy":"category","embeddable":true,"href":"https:\/\/www.elvendrellturisme.com\/es\/wp-json\/wp\/v2\/categories?post=24797"},{"taxonomy":"post_tag","embeddable":true,"href":"https:\/\/www.elvendrellturisme.com\/es\/wp-json\/wp\/v2\/tags?post=24797"},{"taxonomy":"dipi_cpt_category","embeddable":true,"href":"https:\/\/www.elvendrellturisme.com\/es\/wp-json\/wp\/v2\/dipi_cpt_category?post=24797"}],"curies":[{"name":"wp","href":"https:\/\/api.w.org\/{rel}","templated":true}]}}