{"id":24798,"date":"2016-07-20T10:16:00","date_gmt":"2016-07-20T10:16:00","guid":{"rendered":"http:\/\/tv.dms3labs.cat\/la-sala-del-portal-del-pardo-acogera-una-exposicion-del-pintor-y-muralista-jordi-romeu-gual\/"},"modified":"2016-07-20T10:16:00","modified_gmt":"2016-07-20T10:16:00","slug":"la-sala-del-portal-del-pardo-acogera-una-exposicion-del-pintor-y-muralista-jordi-romeu-gual","status":"publish","type":"post","link":"https:\/\/www.elvendrellturisme.com\/es\/la-sala-del-portal-del-pardo-acogera-una-exposicion-del-pintor-y-muralista-jordi-romeu-gual\/","title":{"rendered":"La Sala del Portal del Pardo acoger\u00e1 una exposici\u00f3n del pintor y muralista Jordi Romeu Gual"},"content":{"rendered":"<p>La Sala del Portal del Pardo inaugurar\u00e1 el pr\u00f3ximo viernes 22 de julio, a las 20h, una exposici\u00f3n del pintor y muralista vendrellense Jordi Romeu Gual. La muestra presenta una colecci\u00f3n de telas trabajadas con aerosoles y alguna al \u00f3leo.<\/p>\n<p>La exposici\u00f3n consta de una serie de cuadros con un estilo bastante abstracto caracterizado por la improvisaci\u00f3n y la acci\u00f3n de ese momento, es decir, dejarse llevar totalmente por la intuici\u00f3n y emoci\u00f3n de aquel instante. Seg\u00fan el d\u00edptico informativo de la muestra, cada cuadro posee un estilo propio, ya que no tienen ning\u00fan tipo de modelo predeterminado. Esta exposici\u00f3n es un resumen de las obras realizadas por el autor en la escuela de arte Massana de Barcelona.<\/p>\n<p>La exposici\u00f3n se podr\u00e1 visitar en la Sala del Portal del Pardo hasta el s\u00e1bado 20 de agosto. El horario para visitarla es de lunes a s\u00e1bado de las 18h a las 20.30h y s\u00e1bados por la ma\u00f1ana de 11 a 13h.<\/p>\n","protected":false},"excerpt":{"rendered":"<p>La Sala del Portal del Pardo inaugurar\u00e1 el pr\u00f3ximo viernes 22 de julio, a las 20h, una exposici\u00f3n del pintor y muralista vendrellense Jordi Romeu Gual. La muestra presenta una colecci\u00f3n de telas trabajadas con aerosoles y alguna al \u00f3leo. La exposici\u00f3n consta de una serie de cuadros con un estilo bastante abstracto caracterizado por [&hellip;]<\/p>\n","protected":false},"author":1,"featured_media":23095,"comment_status":"open","ping_status":"closed","sticky":false,"template":"","format":"standard","meta":{"_acf_changed":false,"_et_pb_use_builder":"","_et_pb_old_content":"","_et_gb_content_width":"","content-type":"","footnotes":""},"categories":[],"tags":[],"dipi_cpt_category":[],"class_list":["post-24798","post","type-post","status-publish","format-standard","has-post-thumbnail","hentry"],"acf":[],"_links":{"self":[{"href":"https:\/\/www.elvendrellturisme.com\/es\/wp-json\/wp\/v2\/posts\/24798","targetHints":{"allow":["GET"]}}],"collection":[{"href":"https:\/\/www.elvendrellturisme.com\/es\/wp-json\/wp\/v2\/posts"}],"about":[{"href":"https:\/\/www.elvendrellturisme.com\/es\/wp-json\/wp\/v2\/types\/post"}],"author":[{"embeddable":true,"href":"https:\/\/www.elvendrellturisme.com\/es\/wp-json\/wp\/v2\/users\/1"}],"replies":[{"embeddable":true,"href":"https:\/\/www.elvendrellturisme.com\/es\/wp-json\/wp\/v2\/comments?post=24798"}],"version-history":[{"count":0,"href":"https:\/\/www.elvendrellturisme.com\/es\/wp-json\/wp\/v2\/posts\/24798\/revisions"}],"wp:featuredmedia":[{"embeddable":true,"href":"https:\/\/www.elvendrellturisme.com\/es\/wp-json\/wp\/v2\/media\/23095"}],"wp:attachment":[{"href":"https:\/\/www.elvendrellturisme.com\/es\/wp-json\/wp\/v2\/media?parent=24798"}],"wp:term":[{"taxonomy":"category","embeddable":true,"href":"https:\/\/www.elvendrellturisme.com\/es\/wp-json\/wp\/v2\/categories?post=24798"},{"taxonomy":"post_tag","embeddable":true,"href":"https:\/\/www.elvendrellturisme.com\/es\/wp-json\/wp\/v2\/tags?post=24798"},{"taxonomy":"dipi_cpt_category","embeddable":true,"href":"https:\/\/www.elvendrellturisme.com\/es\/wp-json\/wp\/v2\/dipi_cpt_category?post=24798"}],"curies":[{"name":"wp","href":"https:\/\/api.w.org\/{rel}","templated":true}]}}