{"id":24800,"date":"2016-07-22T14:29:45","date_gmt":"2016-07-22T14:29:45","guid":{"rendered":"http:\/\/tv.dms3labs.cat\/los-piratas-volveran-a-invadir-la-playa-de-sant-salvador\/"},"modified":"2016-07-22T14:29:45","modified_gmt":"2016-07-22T14:29:45","slug":"los-piratas-volveran-a-invadir-la-playa-de-sant-salvador","status":"publish","type":"post","link":"https:\/\/www.elvendrellturisme.com\/es\/los-piratas-volveran-a-invadir-la-playa-de-sant-salvador\/","title":{"rendered":"Los piratas volver\u00e1n a invadir la playa de Sant Salvador"},"content":{"rendered":"<p>La Fiesta pirata, Barricas y Vino volver\u00e1 a invadir Sant Salvador del 29 al 31 de julio con puestos de artesan\u00eda y alimentaci\u00f3n, recreaciones, atracciones, cata de vinos y gastron\u00f3mico, m\u00fasica y actividades familiares.<\/p>\n<p>El espacio conocido popularmente como &quot;la plaza de las palmeras&quot; del barrio mar\u00edtimo de Sant Salvador volver\u00e1 a ser el epicentro de la Fiesta pirata que rememora los ataques de piratas moriscos que hab\u00eda sufrido esta playa en la \u00e9poca medieval, uno de los motivos por los que se traslad\u00f3 la poblaci\u00f3n hacia el interior. Hay que recordar que Sant Salvador, alrededor de su ermita rom\u00e1nica, fue el origen del Vendrell que conocemos hoy.<\/p>\n<p>Por otra parte, este a\u00f1o volver\u00e1 a tener una especial presencia el espacio dedicado a los vinos y cavas del Baix Pened\u00e8s, con el que, bajo el t\u00edtulo de &quot;B\u00f3tes i vi&quot;, se quiere recordar el antiguo puerto de Sant Salvador que, desde del siglo XVIII hasta el primer cuarto del siglo XX, tuvo una importante actividad de exportaci\u00f3n de vino y aguardiente, y de importaci\u00f3n de madera y aros para los toneleros de la zona, entre otros productos.<\/p>\n<p>Con este evento l\u00fadico y festivo, ambientado por la empresa Esfera Servicios Culturales, se ofrece un atractivo m\u00e1s en las playas de El Vendrell en pleno verano, recordando las ra\u00edces hist\u00f3ricas de nuestra poblaci\u00f3n.<\/p>\n","protected":false},"excerpt":{"rendered":"<p>La Fiesta pirata, Barricas y Vino volver\u00e1 a invadir Sant Salvador del 29 al 31 de julio con puestos de artesan\u00eda y alimentaci\u00f3n, recreaciones, atracciones, cata de vinos y gastron\u00f3mico, m\u00fasica y actividades familiares. El espacio conocido popularmente como &quot;la plaza de las palmeras&quot; del barrio mar\u00edtimo de Sant Salvador volver\u00e1 a ser el epicentro [&hellip;]<\/p>\n","protected":false},"author":1,"featured_media":23099,"comment_status":"open","ping_status":"closed","sticky":false,"template":"","format":"standard","meta":{"_acf_changed":false,"_et_pb_use_builder":"","_et_pb_old_content":"","_et_gb_content_width":"","content-type":"","footnotes":""},"categories":[],"tags":[],"dipi_cpt_category":[],"class_list":["post-24800","post","type-post","status-publish","format-standard","has-post-thumbnail","hentry"],"acf":[],"_links":{"self":[{"href":"https:\/\/www.elvendrellturisme.com\/es\/wp-json\/wp\/v2\/posts\/24800","targetHints":{"allow":["GET"]}}],"collection":[{"href":"https:\/\/www.elvendrellturisme.com\/es\/wp-json\/wp\/v2\/posts"}],"about":[{"href":"https:\/\/www.elvendrellturisme.com\/es\/wp-json\/wp\/v2\/types\/post"}],"author":[{"embeddable":true,"href":"https:\/\/www.elvendrellturisme.com\/es\/wp-json\/wp\/v2\/users\/1"}],"replies":[{"embeddable":true,"href":"https:\/\/www.elvendrellturisme.com\/es\/wp-json\/wp\/v2\/comments?post=24800"}],"version-history":[{"count":0,"href":"https:\/\/www.elvendrellturisme.com\/es\/wp-json\/wp\/v2\/posts\/24800\/revisions"}],"wp:featuredmedia":[{"embeddable":true,"href":"https:\/\/www.elvendrellturisme.com\/es\/wp-json\/wp\/v2\/media\/23099"}],"wp:attachment":[{"href":"https:\/\/www.elvendrellturisme.com\/es\/wp-json\/wp\/v2\/media?parent=24800"}],"wp:term":[{"taxonomy":"category","embeddable":true,"href":"https:\/\/www.elvendrellturisme.com\/es\/wp-json\/wp\/v2\/categories?post=24800"},{"taxonomy":"post_tag","embeddable":true,"href":"https:\/\/www.elvendrellturisme.com\/es\/wp-json\/wp\/v2\/tags?post=24800"},{"taxonomy":"dipi_cpt_category","embeddable":true,"href":"https:\/\/www.elvendrellturisme.com\/es\/wp-json\/wp\/v2\/dipi_cpt_category?post=24800"}],"curies":[{"name":"wp","href":"https:\/\/api.w.org\/{rel}","templated":true}]}}