{"id":24809,"date":"2016-08-12T16:11:01","date_gmt":"2016-08-12T16:11:01","guid":{"rendered":"http:\/\/tv.dms3labs.cat\/juan-de-la-rubia-presenta-lobstinat-en-el-concierto-de-organo-en-la-iglesia-de-el-vendrell-enmarcado-en-el-36o-fimpc\/"},"modified":"2016-08-12T16:11:01","modified_gmt":"2016-08-12T16:11:01","slug":"juan-de-la-rubia-presenta-lobstinat-en-el-concierto-de-organo-en-la-iglesia-de-el-vendrell-enmarcado-en-el-36o-fimpc","status":"publish","type":"post","link":"https:\/\/www.elvendrellturisme.com\/es\/juan-de-la-rubia-presenta-lobstinat-en-el-concierto-de-organo-en-la-iglesia-de-el-vendrell-enmarcado-en-el-36o-fimpc\/","title":{"rendered":"Juan de la Rubia presenta &quot;L&#8217;Obstinat&quot; en el concierto de \u00f3rgano en la Iglesia de El Vendrell enmarcado en el 36\u00ba FIMPC"},"content":{"rendered":"<p>El Festival Internacional de M\u00fasica Pau Casals saldr\u00e1 del Auditorio Pau Casals para ir a disfrutar de la maestr\u00eda de Juan de la Rubia en el \u00f3rgano de la Iglesia de El Vendrell el viernes 12 de agosto, a las 21h.<\/p>\n<p>Juan de la Rubia, con el magn\u00edfico \u00f3rgano Scherrer de 1777 de la Iglesia de El Vendrell, ha preparado lo que entiende por el obstinado como un hilo conductor, m\u00e1s all\u00e1 de la repetici\u00f3n de los bajos o de los fragmentos sobre los que se construyen las obras: nos propone un concierto basado en todo lo que es recurrente, en todo lo que se repite, sean recursos r\u00edtmicos, mel\u00f3dicos, dibujos, peque\u00f1as c\u00e9lulas&#8230;Un regalo para los sentidos y para la memoria ef\u00edmera: en definitiva, un ataque constante a nuestra gl\u00e1ndula de la satisfacci\u00f3n.<\/p>\n<p>Las diferentes obras que conforman el programa permitir\u00e1n seguir activamente estas repeticiones, as\u00ed como las variaciones y contrastes que los autores han ido aplicando a cada uno de los temas. Por ejemplo: la obra de Raison plantea un doble juego en el Cristie. Por un lado, propone un tema para la passacaglia que va repiti\u00e9ndose y va incorporando las fantas\u00edas del autor. Por otro lado, resulta ser el mismo tema que Bach utilizar\u00e1 en su Passacaglia y fuga en Do menor que sentiremos hacia el final del concierto. El tema se reconocer\u00e1 f\u00e1cilmente, y permitir\u00e1 darse cuenta de que Bach lo amplia (pone 4 compases m\u00e1s) y sobre \u00e9l construye, seg\u00fan de la Rubia, &quot;una de las mejores obras que Bach compuso para \u00f3rgano&quot;.<\/p>\n<p>Del resto del programa destaca la quinta voz de la obra de Frescobaldi (repetitiva) que, seg\u00fan la partitura, el organista no debe tocar sino que lo tiene que cantar&#8230;cosa que de la Rubia asegura que no siempre hace: muchas veces la toca y listos que, como dice \u00e9l: &quot;no estoy dotado de una buena voz, as\u00ed que prefiero no hacer sufrir al p\u00fablico &#8230;&quot;. Tambi\u00e9n es destacable el recurso de Byrd con la obra basada en dos notas &quot;como toques de campana&quot;, o la recopilaci\u00f3n de &quot;flores&quot; que el fraile Mart\u00ed i Coll public\u00f3 en dos enormes vol\u00famenes en 1706 y que presentan diferentes t\u00e9cnicas siempre sobre el hilo conductor del obstinado.<\/p>\n<p>Juan de la Rubia, natural de la Vall de Ux\u00f3 (Castell\u00f3n), es experto en el repertorio de \u00f3rgano de todos los tiempos. El m\u00e1ximo reconocimiento le ha llegado en cuatro \u00e1mbitos: la m\u00fasica para teclado del Renacimiento y el Barroco espa\u00f1oles, las grandes obras del Romanticismo, sus improvisaciones y sus interpretaciones de Bach.<\/p>\n","protected":false},"excerpt":{"rendered":"<p>El Festival Internacional de M\u00fasica Pau Casals saldr\u00e1 del Auditorio Pau Casals para ir a disfrutar de la maestr\u00eda de Juan de la Rubia en el \u00f3rgano de la Iglesia de El Vendrell el viernes 12 de agosto, a las 21h. Juan de la Rubia, con el magn\u00edfico \u00f3rgano Scherrer de 1777 de la Iglesia [&hellip;]<\/p>\n","protected":false},"author":1,"featured_media":23117,"comment_status":"open","ping_status":"closed","sticky":false,"template":"","format":"standard","meta":{"_acf_changed":false,"_et_pb_use_builder":"","_et_pb_old_content":"","_et_gb_content_width":"","content-type":"","footnotes":""},"categories":[],"tags":[],"dipi_cpt_category":[],"class_list":["post-24809","post","type-post","status-publish","format-standard","has-post-thumbnail","hentry"],"acf":[],"_links":{"self":[{"href":"https:\/\/www.elvendrellturisme.com\/es\/wp-json\/wp\/v2\/posts\/24809","targetHints":{"allow":["GET"]}}],"collection":[{"href":"https:\/\/www.elvendrellturisme.com\/es\/wp-json\/wp\/v2\/posts"}],"about":[{"href":"https:\/\/www.elvendrellturisme.com\/es\/wp-json\/wp\/v2\/types\/post"}],"author":[{"embeddable":true,"href":"https:\/\/www.elvendrellturisme.com\/es\/wp-json\/wp\/v2\/users\/1"}],"replies":[{"embeddable":true,"href":"https:\/\/www.elvendrellturisme.com\/es\/wp-json\/wp\/v2\/comments?post=24809"}],"version-history":[{"count":0,"href":"https:\/\/www.elvendrellturisme.com\/es\/wp-json\/wp\/v2\/posts\/24809\/revisions"}],"wp:featuredmedia":[{"embeddable":true,"href":"https:\/\/www.elvendrellturisme.com\/es\/wp-json\/wp\/v2\/media\/23117"}],"wp:attachment":[{"href":"https:\/\/www.elvendrellturisme.com\/es\/wp-json\/wp\/v2\/media?parent=24809"}],"wp:term":[{"taxonomy":"category","embeddable":true,"href":"https:\/\/www.elvendrellturisme.com\/es\/wp-json\/wp\/v2\/categories?post=24809"},{"taxonomy":"post_tag","embeddable":true,"href":"https:\/\/www.elvendrellturisme.com\/es\/wp-json\/wp\/v2\/tags?post=24809"},{"taxonomy":"dipi_cpt_category","embeddable":true,"href":"https:\/\/www.elvendrellturisme.com\/es\/wp-json\/wp\/v2\/dipi_cpt_category?post=24809"}],"curies":[{"name":"wp","href":"https:\/\/api.w.org\/{rel}","templated":true}]}}