{"id":24812,"date":"2016-08-13T16:28:32","date_gmt":"2016-08-13T16:28:32","guid":{"rendered":"http:\/\/tv.dms3labs.cat\/los-solistas-de-la-filarmonica-checa-presentan-el-programa-el-sentimiento-eslavo-en-fimpc\/"},"modified":"2016-08-13T16:28:32","modified_gmt":"2016-08-13T16:28:32","slug":"los-solistas-de-la-filarmonica-checa-presentan-el-programa-el-sentimiento-eslavo-en-fimpc","status":"publish","type":"post","link":"https:\/\/www.elvendrellturisme.com\/es\/los-solistas-de-la-filarmonica-checa-presentan-el-programa-el-sentimiento-eslavo-en-fimpc\/","title":{"rendered":"Los solistas de la Filarm\u00f3nica Checa presentan el programa &quot;El sentimiento eslavo&quot; en FIMPC"},"content":{"rendered":"<p>Todo el sentimiento eslavo ser\u00e1 desplegado por los Solistas de la Filarm\u00f3nica Checa en el Auditorio Pau Casals, el pr\u00f3ximo martes, 16 de agosto, a las 20:30h, dentro del 36\u00ba Festival Internacional de M\u00fasica Pau Casals.<\/p>\n<p>La formaci\u00f3n orquestal fue fundada en 1996, como conjunto Sexteto de la Filarm\u00f3nica Checa, ampliado posteriormente por los m\u00e1s prestigiosos miembros de la Filarm\u00f3nica. Al frente de la formaci\u00f3n, el extraordinario violinista Ji\u0159\u00ed Vodi\u010dca. Entre otros miembros podemos citar el jefe del grupo de violonchelos, Franti\u0161ek Host, y el jefe del grupo de las violas, Jaroslav Pond\u011bl\u00ed\u010dek, quienes pertenecen a los mejores m\u00fasicos de la Filarm\u00f3nica Checa.<\/p>\n<p>La m\u00fasica checa del siglo XIX tiene en Smetana y en Dvorak sus dos m\u00e1ximos exponentes, aut\u00e9nticos creadores de la escuela nacionalista checa que en el siglo XX tendr\u00e1 insignes continuadores como Leos Janacek o Bohuslav Martinu. Pero no habr\u00eda que olvidar de otros autores -como Joseph Suk- que, pese a no tener la relevancia de los anteriores, tambi\u00e9n pusieron su granito de arena para hacer de la m\u00fasica checa una de las escuelas de referencia en Europa.<\/p>\n<p>Interpretar\u00e1n, pues, obras de estos grandes autores checos. Del grande y m\u00e1s conocido compositor checo, Antonin Dvorak, oiremos diferentes piezas. Los Valses Op. 54, obra compuesta de 8 valses para ser tocados s\u00f3lo para piano, el mismo compositor arregl\u00f3 dos, el n\u00famero 1 y el n\u00famero 4, para orquesta de cuerda, y ser\u00e1n estos arreglos que sonar\u00e1n en el escenario del Auditorio Pau Casals. Las Danzas Eslavas, Op. 48 ser\u00e1n las piezas que cerrar\u00e1n el repertorio de Dvorak y el concierto-<\/p>\n<p>Entre medio de las obras de Dvorak, dos autores checos m\u00e1s querr\u00e1n hacer o\u00edr su voz. Por un lado, Joseph Suk, alumno y yerno de Dvorak, har\u00e1 acto de presencia con su obra La Meditaci\u00f3n sobre el Coral de San Veceslau.<br \/>\nEl tercer y \u00faltimo compositor checo que se escuchar\u00e1 en el Auditorio Pau Casals ser\u00e1 L. Janacek del cual podremos sentir su Suite para cuerdas Op. 3, que a pesar de ser una de las primeras obras del autor, es una peque\u00f1a maravilla que nos puede motivar a escuchar otras obras de este autor a\u00fan poco conocidas.<\/p>\n","protected":false},"excerpt":{"rendered":"<p>Todo el sentimiento eslavo ser\u00e1 desplegado por los Solistas de la Filarm\u00f3nica Checa en el Auditorio Pau Casals, el pr\u00f3ximo martes, 16 de agosto, a las 20:30h, dentro del 36\u00ba Festival Internacional de M\u00fasica Pau Casals. La formaci\u00f3n orquestal fue fundada en 1996, como conjunto Sexteto de la Filarm\u00f3nica Checa, ampliado posteriormente por los m\u00e1s [&hellip;]<\/p>\n","protected":false},"author":1,"featured_media":23123,"comment_status":"open","ping_status":"closed","sticky":false,"template":"","format":"standard","meta":{"_acf_changed":false,"_et_pb_use_builder":"","_et_pb_old_content":"","_et_gb_content_width":"","content-type":"","footnotes":""},"categories":[],"tags":[],"dipi_cpt_category":[],"class_list":["post-24812","post","type-post","status-publish","format-standard","has-post-thumbnail","hentry"],"acf":[],"_links":{"self":[{"href":"https:\/\/www.elvendrellturisme.com\/es\/wp-json\/wp\/v2\/posts\/24812","targetHints":{"allow":["GET"]}}],"collection":[{"href":"https:\/\/www.elvendrellturisme.com\/es\/wp-json\/wp\/v2\/posts"}],"about":[{"href":"https:\/\/www.elvendrellturisme.com\/es\/wp-json\/wp\/v2\/types\/post"}],"author":[{"embeddable":true,"href":"https:\/\/www.elvendrellturisme.com\/es\/wp-json\/wp\/v2\/users\/1"}],"replies":[{"embeddable":true,"href":"https:\/\/www.elvendrellturisme.com\/es\/wp-json\/wp\/v2\/comments?post=24812"}],"version-history":[{"count":0,"href":"https:\/\/www.elvendrellturisme.com\/es\/wp-json\/wp\/v2\/posts\/24812\/revisions"}],"wp:featuredmedia":[{"embeddable":true,"href":"https:\/\/www.elvendrellturisme.com\/es\/wp-json\/wp\/v2\/media\/23123"}],"wp:attachment":[{"href":"https:\/\/www.elvendrellturisme.com\/es\/wp-json\/wp\/v2\/media?parent=24812"}],"wp:term":[{"taxonomy":"category","embeddable":true,"href":"https:\/\/www.elvendrellturisme.com\/es\/wp-json\/wp\/v2\/categories?post=24812"},{"taxonomy":"post_tag","embeddable":true,"href":"https:\/\/www.elvendrellturisme.com\/es\/wp-json\/wp\/v2\/tags?post=24812"},{"taxonomy":"dipi_cpt_category","embeddable":true,"href":"https:\/\/www.elvendrellturisme.com\/es\/wp-json\/wp\/v2\/dipi_cpt_category?post=24812"}],"curies":[{"name":"wp","href":"https:\/\/api.w.org\/{rel}","templated":true}]}}