{"id":24816,"date":"2016-08-18T16:33:51","date_gmt":"2016-08-18T16:33:51","guid":{"rendered":"http:\/\/tv.dms3labs.cat\/la-cobla-maricel-presenta-una-degustacion-musical-catalana-en-el-36o-fimpc\/"},"modified":"2016-08-18T16:33:51","modified_gmt":"2016-08-18T16:33:51","slug":"la-cobla-maricel-presenta-una-degustacion-musical-catalana-en-el-36o-fimpc","status":"publish","type":"post","link":"https:\/\/www.elvendrellturisme.com\/es\/la-cobla-maricel-presenta-una-degustacion-musical-catalana-en-el-36o-fimpc\/","title":{"rendered":"La Cobla Maricel presenta una degustaci\u00f3n musical catalana en el 36\u00ba FIMPC"},"content":{"rendered":"<p>El s\u00e1bado 20 de agosto, a las 20:30 h, en el Auditorio Pau Casals, tendr\u00e1 lugar el concierto &quot;Arran de terra: m\u00fasica i vi&quot;, a cargo de la Cobla Maricel, dirigida por Francesc Gregori y acompa\u00f1ada por los comentarios de David Puertas, que aportar\u00e1 una degustaci\u00f3n musical catalana en el 36\u00ba Festival Internacional de M\u00fasica Pau Casals.<\/p>\n<p>El concierto ha sido pensado a partir del \u00e1nimo de compartir, de buscar complicidades, de vivir conjuntamente emociones y de hacerlo a partir de la m\u00fasica que nace de la tierra, inspirada en este elemento m\u00e1gico que es el vino. La m\u00fasica, como el vino, debe vivir un largo proceso antes no llega al consumidor o espectador, y en todas las fases de este proceso se va enriqueciendo y conform\u00e1ndose hasta alcanzar las caracter\u00edsticas que tendr\u00e1 cuando se presente ante el p\u00fablico.<\/p>\n<p>&quot;Llicorella&quot; de J. Garreta, Impresiones campesinas de Jq. Serra, La vi\u00f1a del Abuelo de o La filoxera de R. Viladesau o Ligeramente borracho de J.J. Blay ser\u00e1n alguna de las piezas que nos har\u00e1n conectar con la tierra y el vino. Por ello, en este concierto, se ha tenido en cuenta la vida de las obras musicales desde el momento en que fueron pensadas, como han llegado a las manos de los m\u00fasicos, qu\u00e9 aproximaci\u00f3n se ha hecho, como han trabajado, que han dicho mientras se ensayaban y, finalmente, como se ofrecen al p\u00fablico. A la temperatura que merecen, con la decantaci\u00f3n justa, con la copa adecuada. Esta primero y \u00e9sta despu\u00e9s, con la que tiene m\u00e1s burbujas al final.<\/p>\n<p>Se invita al p\u00fablico asistente que se deje llevar para que la m\u00fasica, como el vino, los empape de sensaciones profundas que ni siquiera hayan podido so\u00f1ar nunca.<\/p>\n","protected":false},"excerpt":{"rendered":"<p>El s\u00e1bado 20 de agosto, a las 20:30 h, en el Auditorio Pau Casals, tendr\u00e1 lugar el concierto &quot;Arran de terra: m\u00fasica i vi&quot;, a cargo de la Cobla Maricel, dirigida por Francesc Gregori y acompa\u00f1ada por los comentarios de David Puertas, que aportar\u00e1 una degustaci\u00f3n musical catalana en el 36\u00ba Festival Internacional de M\u00fasica [&hellip;]<\/p>\n","protected":false},"author":1,"featured_media":23131,"comment_status":"open","ping_status":"closed","sticky":false,"template":"","format":"standard","meta":{"_acf_changed":false,"_et_pb_use_builder":"","_et_pb_old_content":"","_et_gb_content_width":"","content-type":"","footnotes":""},"categories":[],"tags":[],"dipi_cpt_category":[],"class_list":["post-24816","post","type-post","status-publish","format-standard","has-post-thumbnail","hentry"],"acf":[],"_links":{"self":[{"href":"https:\/\/www.elvendrellturisme.com\/es\/wp-json\/wp\/v2\/posts\/24816","targetHints":{"allow":["GET"]}}],"collection":[{"href":"https:\/\/www.elvendrellturisme.com\/es\/wp-json\/wp\/v2\/posts"}],"about":[{"href":"https:\/\/www.elvendrellturisme.com\/es\/wp-json\/wp\/v2\/types\/post"}],"author":[{"embeddable":true,"href":"https:\/\/www.elvendrellturisme.com\/es\/wp-json\/wp\/v2\/users\/1"}],"replies":[{"embeddable":true,"href":"https:\/\/www.elvendrellturisme.com\/es\/wp-json\/wp\/v2\/comments?post=24816"}],"version-history":[{"count":0,"href":"https:\/\/www.elvendrellturisme.com\/es\/wp-json\/wp\/v2\/posts\/24816\/revisions"}],"wp:featuredmedia":[{"embeddable":true,"href":"https:\/\/www.elvendrellturisme.com\/es\/wp-json\/wp\/v2\/media\/23131"}],"wp:attachment":[{"href":"https:\/\/www.elvendrellturisme.com\/es\/wp-json\/wp\/v2\/media?parent=24816"}],"wp:term":[{"taxonomy":"category","embeddable":true,"href":"https:\/\/www.elvendrellturisme.com\/es\/wp-json\/wp\/v2\/categories?post=24816"},{"taxonomy":"post_tag","embeddable":true,"href":"https:\/\/www.elvendrellturisme.com\/es\/wp-json\/wp\/v2\/tags?post=24816"},{"taxonomy":"dipi_cpt_category","embeddable":true,"href":"https:\/\/www.elvendrellturisme.com\/es\/wp-json\/wp\/v2\/dipi_cpt_category?post=24816"}],"curies":[{"name":"wp","href":"https:\/\/api.w.org\/{rel}","templated":true}]}}