{"id":24826,"date":"2016-09-03T14:47:37","date_gmt":"2016-09-03T14:47:37","guid":{"rendered":"http:\/\/tv.dms3labs.cat\/el-vendrell-registra-una-buena-ocupacion-turistica\/"},"modified":"2016-09-03T14:47:37","modified_gmt":"2016-09-03T14:47:37","slug":"el-vendrell-registra-una-buena-ocupacion-turistica","status":"publish","type":"post","link":"https:\/\/www.elvendrellturisme.com\/es\/el-vendrell-registra-una-buena-ocupacion-turistica\/","title":{"rendered":"El Vendrell registra una buena ocupaci\u00f3n tur\u00edstica"},"content":{"rendered":"<p>La concejala de Turismo, Eva M. Serrami\u00e0, ha hecho un balance positivo sobre la ocupaci\u00f3n tur\u00edstica de este verano en el municipio.<\/p>\n<p>En cuanto a las segundas residencias, se ha mantenido la punta de poblaci\u00f3n de 140.000 habitantes en las semanas de m\u00e1xima ocupaci\u00f3n. Y en establecimientos tur\u00edsticos, se ha mejorado entre uno y dos puntos, sobre todo el mes de agosto, llegando a un 93% en los hoteles y en una plena ocupaci\u00f3n en los apartamentos.<\/p>\n<p>Eva M. Serrami\u00e0 explic\u00f3 que estos buenos datos se pueden explicar por diferentes factores: por un cierto repunte econ\u00f3mico que permite a m\u00e1s familias poder hacer una peque\u00f1a escapada; por la inestabilidad pol\u00edtica en pa\u00edses de la cuenca mediterr\u00e1nea que son competencia como destino tur\u00edstico, y por la propuesta continuada de actividades culturales, festivas, gastron\u00f3micas, deportivas, entre otras, que aportan calidad a nuestra oferta tur\u00edstica de car\u00e1cter familiar.<\/p>\n<p>Respecto a la procedencia de los turistas, en su mayor\u00eda son del resto Catalu\u00f1a y de Espa\u00f1a. Los siguen los franceses, que se mantienen y, adem\u00e1s, este a\u00f1o han incrementado su presencia. Tambi\u00e9n hay afluencia de holandeses, belgas, alemanes e ingleses. El turismo ruso ha seguido la misma tendencia que el a\u00f1o pasado con muy poca presencia.<\/p>\n<p>La concejala de Turismo ha vuelto a poner de relieve que se sigue trabajando para desestacionalizar la actividad tur\u00edstica de El Vendrell con una oferta de nuevos productos para visitar el n\u00facleo y las playas todo el a\u00f1o, &quot; ya que el clima privilegiado que tenemos nos lo permite &quot; .<\/p>\n","protected":false},"excerpt":{"rendered":"<p>La concejala de Turismo, Eva M. Serrami\u00e0, ha hecho un balance positivo sobre la ocupaci\u00f3n tur\u00edstica de este verano en el municipio. En cuanto a las segundas residencias, se ha mantenido la punta de poblaci\u00f3n de 140.000 habitantes en las semanas de m\u00e1xima ocupaci\u00f3n. Y en establecimientos tur\u00edsticos, se ha mejorado entre uno y dos [&hellip;]<\/p>\n","protected":false},"author":1,"featured_media":23151,"comment_status":"open","ping_status":"closed","sticky":false,"template":"","format":"standard","meta":{"_acf_changed":false,"_et_pb_use_builder":"","_et_pb_old_content":"","_et_gb_content_width":"","content-type":"","footnotes":""},"categories":[],"tags":[],"dipi_cpt_category":[],"class_list":["post-24826","post","type-post","status-publish","format-standard","has-post-thumbnail","hentry"],"acf":[],"_links":{"self":[{"href":"https:\/\/www.elvendrellturisme.com\/es\/wp-json\/wp\/v2\/posts\/24826","targetHints":{"allow":["GET"]}}],"collection":[{"href":"https:\/\/www.elvendrellturisme.com\/es\/wp-json\/wp\/v2\/posts"}],"about":[{"href":"https:\/\/www.elvendrellturisme.com\/es\/wp-json\/wp\/v2\/types\/post"}],"author":[{"embeddable":true,"href":"https:\/\/www.elvendrellturisme.com\/es\/wp-json\/wp\/v2\/users\/1"}],"replies":[{"embeddable":true,"href":"https:\/\/www.elvendrellturisme.com\/es\/wp-json\/wp\/v2\/comments?post=24826"}],"version-history":[{"count":0,"href":"https:\/\/www.elvendrellturisme.com\/es\/wp-json\/wp\/v2\/posts\/24826\/revisions"}],"wp:featuredmedia":[{"embeddable":true,"href":"https:\/\/www.elvendrellturisme.com\/es\/wp-json\/wp\/v2\/media\/23151"}],"wp:attachment":[{"href":"https:\/\/www.elvendrellturisme.com\/es\/wp-json\/wp\/v2\/media?parent=24826"}],"wp:term":[{"taxonomy":"category","embeddable":true,"href":"https:\/\/www.elvendrellturisme.com\/es\/wp-json\/wp\/v2\/categories?post=24826"},{"taxonomy":"post_tag","embeddable":true,"href":"https:\/\/www.elvendrellturisme.com\/es\/wp-json\/wp\/v2\/tags?post=24826"},{"taxonomy":"dipi_cpt_category","embeddable":true,"href":"https:\/\/www.elvendrellturisme.com\/es\/wp-json\/wp\/v2\/dipi_cpt_category?post=24826"}],"curies":[{"name":"wp","href":"https:\/\/api.w.org\/{rel}","templated":true}]}}