{"id":24831,"date":"2016-09-13T13:47:48","date_gmt":"2016-09-13T13:47:48","guid":{"rendered":"http:\/\/tv.dms3labs.cat\/el-vendrell-celebra-la-semana-de-la-movilidad-sostenible-y-segura-con-tres-paseos-por-el-municipio\/"},"modified":"2016-09-13T13:47:48","modified_gmt":"2016-09-13T13:47:48","slug":"el-vendrell-celebra-la-semana-de-la-movilidad-sostenible-y-segura-con-tres-paseos-por-el-municipio","status":"publish","type":"post","link":"https:\/\/www.elvendrellturisme.com\/es\/el-vendrell-celebra-la-semana-de-la-movilidad-sostenible-y-segura-con-tres-paseos-por-el-municipio\/","title":{"rendered":"El Vendrell celebra la Semana de la Movilidad Sostenible y Segura con tres paseos por el municipio"},"content":{"rendered":"<p>Del 16 al 22 de septiembre, el Vendrell celebrar\u00e1 la Semana de la Movilidad Sostenible y Segura, que tiene como objetivo fomentar los desplazamientos a pie, en bicicleta y en transporte p\u00fablico, los cuales aportan beneficios de salud y ayudan a mejorar el entorno.<\/p>\n<p>Las actividades que la Concejal\u00eda de Movilidad ha programado son las siguientes:<br \/>\n&#8211; Viernes 16 de septiembre, una ruta a pie por las fuentes del Vendrell organizada por la Asociaci\u00f3n &quot;Amics de l&#8217;Orgue&quot;. A los participantes se les entregar\u00e1 un ejemplar de la reedici\u00f3n de la Memoria sobre los T\u00edtulos de las Aguas de la Fuente de Tomov\u00ed, de Jaume Ramon i Vidales.<br \/>\n&#8211; S\u00e1bado 17 de septiembre, una salida cultural para conocer la historia de El Vendrell, a cargo del Museo Deu y con la colaboraci\u00f3n colaboraci\u00f3n de Autocars del Pened\u00e8s,<br \/>\n&#8211; Y el martes 20 de septiembre, un paseo en Coma-ruga para conocer su historia, a cargo del Museo Deu.<\/p>\n<p>El concejal de Movilidad, Josep Mercad\u00e9, anima a todos a inscribirse en las actividades y reducir el uso del veh\u00edculo privado para una movilidad m\u00e1s sostenible.<\/p>\n<p>Para m\u00e1s informaci\u00f3n sobre las actividades y las inscripciones:<br \/>\nConcejal\u00eda de Movilidad, en el tel\u00e9fono 977 166 412.<\/p>\n","protected":false},"excerpt":{"rendered":"<p>Del 16 al 22 de septiembre, el Vendrell celebrar\u00e1 la Semana de la Movilidad Sostenible y Segura, que tiene como objetivo fomentar los desplazamientos a pie, en bicicleta y en transporte p\u00fablico, los cuales aportan beneficios de salud y ayudan a mejorar el entorno. Las actividades que la Concejal\u00eda de Movilidad ha programado son las [&hellip;]<\/p>\n","protected":false},"author":1,"featured_media":23161,"comment_status":"open","ping_status":"closed","sticky":false,"template":"","format":"standard","meta":{"_acf_changed":false,"_et_pb_use_builder":"","_et_pb_old_content":"","_et_gb_content_width":"","content-type":"","footnotes":""},"categories":[],"tags":[],"dipi_cpt_category":[],"class_list":["post-24831","post","type-post","status-publish","format-standard","has-post-thumbnail","hentry"],"acf":[],"_links":{"self":[{"href":"https:\/\/www.elvendrellturisme.com\/es\/wp-json\/wp\/v2\/posts\/24831","targetHints":{"allow":["GET"]}}],"collection":[{"href":"https:\/\/www.elvendrellturisme.com\/es\/wp-json\/wp\/v2\/posts"}],"about":[{"href":"https:\/\/www.elvendrellturisme.com\/es\/wp-json\/wp\/v2\/types\/post"}],"author":[{"embeddable":true,"href":"https:\/\/www.elvendrellturisme.com\/es\/wp-json\/wp\/v2\/users\/1"}],"replies":[{"embeddable":true,"href":"https:\/\/www.elvendrellturisme.com\/es\/wp-json\/wp\/v2\/comments?post=24831"}],"version-history":[{"count":0,"href":"https:\/\/www.elvendrellturisme.com\/es\/wp-json\/wp\/v2\/posts\/24831\/revisions"}],"wp:featuredmedia":[{"embeddable":true,"href":"https:\/\/www.elvendrellturisme.com\/es\/wp-json\/wp\/v2\/media\/23161"}],"wp:attachment":[{"href":"https:\/\/www.elvendrellturisme.com\/es\/wp-json\/wp\/v2\/media?parent=24831"}],"wp:term":[{"taxonomy":"category","embeddable":true,"href":"https:\/\/www.elvendrellturisme.com\/es\/wp-json\/wp\/v2\/categories?post=24831"},{"taxonomy":"post_tag","embeddable":true,"href":"https:\/\/www.elvendrellturisme.com\/es\/wp-json\/wp\/v2\/tags?post=24831"},{"taxonomy":"dipi_cpt_category","embeddable":true,"href":"https:\/\/www.elvendrellturisme.com\/es\/wp-json\/wp\/v2\/dipi_cpt_category?post=24831"}],"curies":[{"name":"wp","href":"https:\/\/api.w.org\/{rel}","templated":true}]}}