{"id":24835,"date":"2016-09-22T12:31:35","date_gmt":"2016-09-22T12:31:35","guid":{"rendered":"http:\/\/tv.dms3labs.cat\/el-vendrell-acogera-el-proximo-24-de-septiembre-el-6o-festival-de-cultura-urbana\/"},"modified":"2016-09-22T12:31:35","modified_gmt":"2016-09-22T12:31:35","slug":"el-vendrell-acogera-el-proximo-24-de-septiembre-el-6o-festival-de-cultura-urbana","status":"publish","type":"post","link":"https:\/\/www.elvendrellturisme.com\/es\/el-vendrell-acogera-el-proximo-24-de-septiembre-el-6o-festival-de-cultura-urbana\/","title":{"rendered":"El Vendrell acoger\u00e1 el pr\u00f3ximo 24 de septiembre el 6\u00ba Festival de Cultura Urbana"},"content":{"rendered":"<p>Un a\u00f1o m\u00e1s, el Vendrell volver\u00e1 a dedicar una jornada a la cultura urbana organizada por la Concejal\u00eda de Infancia y Juventud con la colaboraci\u00f3n del Pla de Barris y de diferentes colectivos autogestionados de j\u00f3venes del Vendrell.<\/p>\n<p>Ser\u00e1 el pr\u00f3ximo 24 de septiembre en dos ubicaciones diferentes y los actos m\u00e1s destacados son:<\/p>\n<p>&#8211; En el barrio de Mas d&#8217;en Gual, en el paseo entre la c\/ Alt Pened\u00e8s y el c\/ Empord\u00e0, de 9 h a 18 h, se har\u00e1 el Concurso de Graffitis.<\/p>\n<p>&#8211; Y en la plaza Nova, a partir de las 16 h, tendr\u00e1n lugar exhibiciones y concursos de street dance.<\/p>\n<p>Uno de los colaboradores, Jandro, destac\u00f3 la BATALLA BGIRLS 1VS1, que ser\u00e1 la primera eliminatoria de street dance femenino que se har\u00e1 en Espa\u00f1a para la clasificaci\u00f3n a la final mundial, que este a\u00f1o tendr\u00e1 lugar en Alemania. El premio ser\u00e1 una plaza para esta final con los gastos pagados.<\/p>\n<p>El concejal de Infancia y Juventud, Kenneth Mart\u00ednez, invita a la participaci\u00f3n y disfrutar de estas formas de expresi\u00f3n, tanto musicales como art\u00edsticas, de los m\u00e1s j\u00f3venes.<\/p>\n","protected":false},"excerpt":{"rendered":"<p>Un a\u00f1o m\u00e1s, el Vendrell volver\u00e1 a dedicar una jornada a la cultura urbana organizada por la Concejal\u00eda de Infancia y Juventud con la colaboraci\u00f3n del Pla de Barris y de diferentes colectivos autogestionados de j\u00f3venes del Vendrell. Ser\u00e1 el pr\u00f3ximo 24 de septiembre en dos ubicaciones diferentes y los actos m\u00e1s destacados son: &#8211; [&hellip;]<\/p>\n","protected":false},"author":1,"featured_media":23169,"comment_status":"open","ping_status":"closed","sticky":false,"template":"","format":"standard","meta":{"_acf_changed":false,"_et_pb_use_builder":"","_et_pb_old_content":"","_et_gb_content_width":"","content-type":"","footnotes":""},"categories":[],"tags":[],"dipi_cpt_category":[],"class_list":["post-24835","post","type-post","status-publish","format-standard","has-post-thumbnail","hentry"],"acf":[],"_links":{"self":[{"href":"https:\/\/www.elvendrellturisme.com\/es\/wp-json\/wp\/v2\/posts\/24835","targetHints":{"allow":["GET"]}}],"collection":[{"href":"https:\/\/www.elvendrellturisme.com\/es\/wp-json\/wp\/v2\/posts"}],"about":[{"href":"https:\/\/www.elvendrellturisme.com\/es\/wp-json\/wp\/v2\/types\/post"}],"author":[{"embeddable":true,"href":"https:\/\/www.elvendrellturisme.com\/es\/wp-json\/wp\/v2\/users\/1"}],"replies":[{"embeddable":true,"href":"https:\/\/www.elvendrellturisme.com\/es\/wp-json\/wp\/v2\/comments?post=24835"}],"version-history":[{"count":0,"href":"https:\/\/www.elvendrellturisme.com\/es\/wp-json\/wp\/v2\/posts\/24835\/revisions"}],"wp:featuredmedia":[{"embeddable":true,"href":"https:\/\/www.elvendrellturisme.com\/es\/wp-json\/wp\/v2\/media\/23169"}],"wp:attachment":[{"href":"https:\/\/www.elvendrellturisme.com\/es\/wp-json\/wp\/v2\/media?parent=24835"}],"wp:term":[{"taxonomy":"category","embeddable":true,"href":"https:\/\/www.elvendrellturisme.com\/es\/wp-json\/wp\/v2\/categories?post=24835"},{"taxonomy":"post_tag","embeddable":true,"href":"https:\/\/www.elvendrellturisme.com\/es\/wp-json\/wp\/v2\/tags?post=24835"},{"taxonomy":"dipi_cpt_category","embeddable":true,"href":"https:\/\/www.elvendrellturisme.com\/es\/wp-json\/wp\/v2\/dipi_cpt_category?post=24835"}],"curies":[{"name":"wp","href":"https:\/\/api.w.org\/{rel}","templated":true}]}}