{"id":24836,"date":"2016-09-22T12:37:58","date_gmt":"2016-09-22T12:37:58","guid":{"rendered":"http:\/\/tv.dms3labs.cat\/ultimos-dias-de-la-exposicion-de-dibujos-con-boligrafo-del-museo-deu\/"},"modified":"2016-09-22T12:37:58","modified_gmt":"2016-09-22T12:37:58","slug":"ultimos-dias-de-la-exposicion-de-dibujos-con-boligrafo-del-museo-deu","status":"publish","type":"post","link":"https:\/\/www.elvendrellturisme.com\/es\/ultimos-dias-de-la-exposicion-de-dibujos-con-boligrafo-del-museo-deu\/","title":{"rendered":"\u00daltimos d\u00edas de la exposici\u00f3n de dibujos con bol\u00edgrafo del Museo Deu."},"content":{"rendered":"<p>El pr\u00f3ximo domingo 25 de septiembre se clausurar\u00e1 la exposici\u00f3n &quot;Arte Azul&quot; del artista Pablo Ariel Descalzo, que ha ocupado la sala de exposiciones temporales del Museo Deu durante 71 d\u00edas y que ha sido visitada por 903 personas.<\/p>\n<p>A lo largo de este tiempo se han organizado otras actividades paralelas como el taller para ni\u00f1os &quot;Pintamos en azul&quot;, que cont\u00f3 con la colaboraci\u00f3n del artista y que tuvo una muy buena acogida entre los m\u00e1s peque\u00f1os. La Escuela Municipal de Arte Apel\u00b7les Fenosa, Casals de Cunit y el Casal Social del Vendrell, entre muchas otras entidades y particulares, han visitado la exposici\u00f3n.<\/p>\n<p>&quot;Arte Azul&quot; se inaugur\u00f3 el pasado 15 de julio y antes de su presentaci\u00f3n ya despert\u00f3 la atenci\u00f3n del p\u00fablico. Mucha gente hab\u00eda o\u00eddo hablar de &quot;el artista del boli&quot;, aunque todav\u00eda no conoc\u00edan su obra.<\/p>\n<p>Pablo Ariel Descalzo naci\u00f3 en 1975 en Buenos Aires (Argentina) y desde el a\u00f1o 2006 vive en El Vendrell. Sus estudios de arquitectura y la manera que tiene de captar la realidad le llevaron hasta el dibujo. La muestra consta de 56 dibujos, comprendidos entre el a\u00f1o 2014 hasta la actualidad, y se convierte impactante para el espectador contemplar la evoluci\u00f3n t\u00e9cnica de este artista en s\u00f3lo dos a\u00f1os.<\/p>\n<p>Infinitas tonalidades de color azul crean el volumen sobre el papel blanco, la presi\u00f3n de su trazo var\u00eda para conseguir el tono deseado; por otra parte, se deja influenciar por otras t\u00e9cnicas que van desde la fotograf\u00eda hasta el grabado. En definitiva, es una combinaci\u00f3n perfecta para sorprender al visitante.<\/p>\n<p>Pablo Ariel Descalzo ha podido dar a conocer su obra y ha logrado impactar al p\u00fablico del Museo Deu. Es probable que se le siga conociendo como &quot;el artista del boli&quot;, pero muchos ya ven en \u00e9l un gran artista contempor\u00e1neo, que seguro tiene muchas sorpresas guardadas.<\/p>\n","protected":false},"excerpt":{"rendered":"<p>El pr\u00f3ximo domingo 25 de septiembre se clausurar\u00e1 la exposici\u00f3n &quot;Arte Azul&quot; del artista Pablo Ariel Descalzo, que ha ocupado la sala de exposiciones temporales del Museo Deu durante 71 d\u00edas y que ha sido visitada por 903 personas. A lo largo de este tiempo se han organizado otras actividades paralelas como el taller para [&hellip;]<\/p>\n","protected":false},"author":1,"featured_media":23171,"comment_status":"open","ping_status":"closed","sticky":false,"template":"","format":"standard","meta":{"_acf_changed":false,"_et_pb_use_builder":"","_et_pb_old_content":"","_et_gb_content_width":"","content-type":"","footnotes":""},"categories":[],"tags":[],"dipi_cpt_category":[],"class_list":["post-24836","post","type-post","status-publish","format-standard","has-post-thumbnail","hentry"],"acf":[],"_links":{"self":[{"href":"https:\/\/www.elvendrellturisme.com\/es\/wp-json\/wp\/v2\/posts\/24836","targetHints":{"allow":["GET"]}}],"collection":[{"href":"https:\/\/www.elvendrellturisme.com\/es\/wp-json\/wp\/v2\/posts"}],"about":[{"href":"https:\/\/www.elvendrellturisme.com\/es\/wp-json\/wp\/v2\/types\/post"}],"author":[{"embeddable":true,"href":"https:\/\/www.elvendrellturisme.com\/es\/wp-json\/wp\/v2\/users\/1"}],"replies":[{"embeddable":true,"href":"https:\/\/www.elvendrellturisme.com\/es\/wp-json\/wp\/v2\/comments?post=24836"}],"version-history":[{"count":0,"href":"https:\/\/www.elvendrellturisme.com\/es\/wp-json\/wp\/v2\/posts\/24836\/revisions"}],"wp:featuredmedia":[{"embeddable":true,"href":"https:\/\/www.elvendrellturisme.com\/es\/wp-json\/wp\/v2\/media\/23171"}],"wp:attachment":[{"href":"https:\/\/www.elvendrellturisme.com\/es\/wp-json\/wp\/v2\/media?parent=24836"}],"wp:term":[{"taxonomy":"category","embeddable":true,"href":"https:\/\/www.elvendrellturisme.com\/es\/wp-json\/wp\/v2\/categories?post=24836"},{"taxonomy":"post_tag","embeddable":true,"href":"https:\/\/www.elvendrellturisme.com\/es\/wp-json\/wp\/v2\/tags?post=24836"},{"taxonomy":"dipi_cpt_category","embeddable":true,"href":"https:\/\/www.elvendrellturisme.com\/es\/wp-json\/wp\/v2\/dipi_cpt_category?post=24836"}],"curies":[{"name":"wp","href":"https:\/\/api.w.org\/{rel}","templated":true}]}}