{"id":24840,"date":"2016-09-27T10:29:52","date_gmt":"2016-09-27T10:29:52","guid":{"rendered":"http:\/\/tv.dms3labs.cat\/el-recital-musico-poetico-siempre-seras-casa-en-mis-bolsillos-este-domingo-en-el-tag\/"},"modified":"2016-09-27T10:29:52","modified_gmt":"2016-09-27T10:29:52","slug":"el-recital-musico-poetico-siempre-seras-casa-en-mis-bolsillos-este-domingo-en-el-tag","status":"publish","type":"post","link":"https:\/\/www.elvendrellturisme.com\/es\/el-recital-musico-poetico-siempre-seras-casa-en-mis-bolsillos-este-domingo-en-el-tag\/","title":{"rendered":"El recital m\u00fasico-po\u00e9tico &quot;(Siempre) ser\u00e1s casa en mis bolsillos&quot;, este domingo en el TAG"},"content":{"rendered":"<p>Este pr\u00f3ximo domingo 2 de octubre, a las 18 h, se inicia la programaci\u00f3n del segundo semestre de 2016 del Teatro \u00c0ngel Guimer\u00e0 de El Vendrell (TAG), con el recital m\u00fasico-po\u00e9tico (Siempre) ser\u00e1s casa en mis bolsillos.<\/p>\n<p>Un espect\u00e1culo que tiene la palabra y la m\u00fasica como principales protagonistas, con un repertorio de canciones propias y de otros que musican los poemas de Javier Gil, acompa\u00f1ado por Pemi Rovirosa (guitarra y voz) e Irene Sansalvad\u00f3 (flautas).<\/p>\n<p>La lectura de estos escritos tiene un punto en com\u00fan: el amor y el desamor. Sabremos de aquellas mujeres estimadas y olvidadas a trav\u00e9s de la interpretaci\u00f3n de los textos, la proyecci\u00f3n de im\u00e1genes y a trav\u00e9s de llamadas telef\u00f3nicas que reflejan los miedos, las luchas internas de cada huida y los reencuentros imaginarios; un clima que crea un ambiente de complicidad, que irrumpe en las emociones del p\u00fablico. No hay nada de m\u00e1s comprometido y transgresor que decirle a alguien: eres casa.<\/p>\n<p>Las entradas son sin numerar y con un aforo reducido, ya que el p\u00fablico se sit\u00faa en el escenario envolvente del espect\u00e1culo. El precio es de 10 euros y 7 euros con los descuentos habituales, dirigi\u00e9ndose a la sede de la Concejal\u00eda de Cultura del Ayuntamiento de El Vendrell (La Rambla, 24, tel. 977 66 56 84) en horario de 10 h a 14 h, mediante la plataforma Ticketea (www.ticketea.com \/ tel. 902 044 226) o en las taquillas del teatro una hora antes del inicio del espect\u00e1culo, siempre y cuando el aforo as\u00ed lo permita.<\/p>\n<p>Para m\u00e1s informaci\u00f3n: www.tagelvendrell.cat o Concejal\u00eda de Cultura, tel. 977 66 56 84.<\/p>\n","protected":false},"excerpt":{"rendered":"<p>Este pr\u00f3ximo domingo 2 de octubre, a las 18 h, se inicia la programaci\u00f3n del segundo semestre de 2016 del Teatro \u00c0ngel Guimer\u00e0 de El Vendrell (TAG), con el recital m\u00fasico-po\u00e9tico (Siempre) ser\u00e1s casa en mis bolsillos. Un espect\u00e1culo que tiene la palabra y la m\u00fasica como principales protagonistas, con un repertorio de canciones propias [&hellip;]<\/p>\n","protected":false},"author":1,"featured_media":23179,"comment_status":"open","ping_status":"closed","sticky":false,"template":"","format":"standard","meta":{"_acf_changed":false,"_et_pb_use_builder":"","_et_pb_old_content":"","_et_gb_content_width":"","content-type":"","footnotes":""},"categories":[],"tags":[],"dipi_cpt_category":[],"class_list":["post-24840","post","type-post","status-publish","format-standard","has-post-thumbnail","hentry"],"acf":[],"_links":{"self":[{"href":"https:\/\/www.elvendrellturisme.com\/es\/wp-json\/wp\/v2\/posts\/24840","targetHints":{"allow":["GET"]}}],"collection":[{"href":"https:\/\/www.elvendrellturisme.com\/es\/wp-json\/wp\/v2\/posts"}],"about":[{"href":"https:\/\/www.elvendrellturisme.com\/es\/wp-json\/wp\/v2\/types\/post"}],"author":[{"embeddable":true,"href":"https:\/\/www.elvendrellturisme.com\/es\/wp-json\/wp\/v2\/users\/1"}],"replies":[{"embeddable":true,"href":"https:\/\/www.elvendrellturisme.com\/es\/wp-json\/wp\/v2\/comments?post=24840"}],"version-history":[{"count":0,"href":"https:\/\/www.elvendrellturisme.com\/es\/wp-json\/wp\/v2\/posts\/24840\/revisions"}],"wp:featuredmedia":[{"embeddable":true,"href":"https:\/\/www.elvendrellturisme.com\/es\/wp-json\/wp\/v2\/media\/23179"}],"wp:attachment":[{"href":"https:\/\/www.elvendrellturisme.com\/es\/wp-json\/wp\/v2\/media?parent=24840"}],"wp:term":[{"taxonomy":"category","embeddable":true,"href":"https:\/\/www.elvendrellturisme.com\/es\/wp-json\/wp\/v2\/categories?post=24840"},{"taxonomy":"post_tag","embeddable":true,"href":"https:\/\/www.elvendrellturisme.com\/es\/wp-json\/wp\/v2\/tags?post=24840"},{"taxonomy":"dipi_cpt_category","embeddable":true,"href":"https:\/\/www.elvendrellturisme.com\/es\/wp-json\/wp\/v2\/dipi_cpt_category?post=24840"}],"curies":[{"name":"wp","href":"https:\/\/api.w.org\/{rel}","templated":true}]}}