{"id":24851,"date":"2016-10-09T11:16:46","date_gmt":"2016-10-09T11:16:46","guid":{"rendered":"http:\/\/tv.dms3labs.cat\/el-tradicional-concierto-de-musica-de-gralles-del-auditorio-celebra-los-40-anos-de-las-gralles-del-baix-penedes\/"},"modified":"2016-10-09T11:16:46","modified_gmt":"2016-10-09T11:16:46","slug":"el-tradicional-concierto-de-musica-de-gralles-del-auditorio-celebra-los-40-anos-de-las-gralles-del-baix-penedes","status":"publish","type":"post","link":"https:\/\/www.elvendrellturisme.com\/es\/el-tradicional-concierto-de-musica-de-gralles-del-auditorio-celebra-los-40-anos-de-las-gralles-del-baix-penedes\/","title":{"rendered":"El tradicional concierto de M\u00fasica de Gralles del Auditorio celebra los 40 a\u00f1os de Las Gralles del Baix Pened\u00e8s"},"content":{"rendered":"<p>Un a\u00f1o m\u00e1s, las grallas tendr\u00e1n un peso destacado en el Ciclo de Oto\u00f1o del Auditorio Pau Casals y, a la vez, una presencia consolidada en los actos de la Feria de Santa Teresa de El Vendrell. Ser\u00e1 el pr\u00f3ximo 14 de octubre, a las 20:30h, en el Auditorio, y en la que ser\u00e1 la und\u00e9cima edici\u00f3n del concierto M\u00fasica de Gralles El Vendrell que este a\u00f1o ir\u00e1 dedicado a los 40 a\u00f1os de trayectoria del grupo Las Gralles del Baix Pened\u00e8s.<\/p>\n<p>Jaume Vidal i Vidal, Carbonero o Maestro, m\u00fasico, compositor y reconocido graller cre\u00f3 Las Gralles del Baix Pened\u00e8s en 1975, con Joan Jan\u00e9, Jan Merenguet, y \u00e9l mismo, como primeras grallas; Eduard Vericat y Anton Ma\u00f1\u00e9, Ton de la Gralla como segundas grallas y Joan Vidal, Tof o Baltassar (1907-1997). A partir de esta formaci\u00f3n inicial, el grupo de grallas ha tenido incorporaciones y variaciones en el tiempo hasta llegar a la actualidad, con una formaci\u00f3n estable de gralleros vendrellenses que hacen sonar la m\u00fasica de grallas en fechas se\u00f1aladas, acompa\u00f1ando a los bailes tradicionales de El Vendrell, o en conciertos como el del pr\u00f3ximo viernes en el Auditorio Pau Casals.<\/p>\n<p>En esta celebraci\u00f3n le acompa\u00f1ar\u00e1n los grupos de grallas de El Vendrell &quot;Tocats de Canya&quot;, &quot;Els Mosquits y &quot;Els Aixats&quot;; y el grupo reusense invitado &quot;Quatre Quarts&quot;.<\/p>\n<p>Todos ellos han tenido mucho cuidado en la elecci\u00f3n de las obras a interpretar y como muestra destacan Soy minero (Daniel Montorio), por los &quot;Tocats de Canya&quot;; Per tu ploro (sardana de Josep Maria Ventura con arreglos de Adri\u00e0 Grandia) por &quot;Els Mosquits&quot; y Hallelujah (Leonard Cohen) por &quot;Els Aixarts&quot;.<\/p>\n<p>Las Gralles del Baix Pened\u00e8s, en su aniversario, interpretar\u00e1n varias piezas, tanto en la habitual formaci\u00f3n como en la formaci\u00f3n de la Cobla de las Gralles del Baix Pened\u00e8s, como por ejemplo el &quot;Toc de Process\u00f3&quot; (Popular del Pened\u00e8s con arreglos de Jaime Vidal), el Pasodoble n\u00ba 5. (Francesc Toldr\u00e0), Vila (Esteve Molero) o Camperola (sardana de Jaume Vidal) entre otros.<\/p>\n<p>En la segunda parte, el grupo invitado &quot;Quatre Quarts&quot;, formado por Jaume Aguza y Jordi Mestres (gralla dulce), Pau Puig (gralla baja) y Daniel Carbonell (gralla subbaja), amigos, profesionales y apasionados de las grallas, presentar\u00e1n una agrupaci\u00f3n nueva e in\u00e9dita interpretando piezas m\u00e1s cl\u00e1sicas como, Capricho Catal\u00e1n o Sevilla de Isaac Alb\u00e9niz, piezas propias como Cocktail de Jaume Aguza, hasta adaptaciones de piezas m\u00e1s actuales como Daft Punk de Pentatonix.<\/p>\n","protected":false},"excerpt":{"rendered":"<p>Un a\u00f1o m\u00e1s, las grallas tendr\u00e1n un peso destacado en el Ciclo de Oto\u00f1o del Auditorio Pau Casals y, a la vez, una presencia consolidada en los actos de la Feria de Santa Teresa de El Vendrell. Ser\u00e1 el pr\u00f3ximo 14 de octubre, a las 20:30h, en el Auditorio, y en la que ser\u00e1 la [&hellip;]<\/p>\n","protected":false},"author":1,"featured_media":23201,"comment_status":"open","ping_status":"closed","sticky":false,"template":"","format":"standard","meta":{"_acf_changed":false,"_et_pb_use_builder":"","_et_pb_old_content":"","_et_gb_content_width":"","content-type":"","footnotes":""},"categories":[],"tags":[],"dipi_cpt_category":[],"class_list":["post-24851","post","type-post","status-publish","format-standard","has-post-thumbnail","hentry"],"acf":[],"_links":{"self":[{"href":"https:\/\/www.elvendrellturisme.com\/es\/wp-json\/wp\/v2\/posts\/24851","targetHints":{"allow":["GET"]}}],"collection":[{"href":"https:\/\/www.elvendrellturisme.com\/es\/wp-json\/wp\/v2\/posts"}],"about":[{"href":"https:\/\/www.elvendrellturisme.com\/es\/wp-json\/wp\/v2\/types\/post"}],"author":[{"embeddable":true,"href":"https:\/\/www.elvendrellturisme.com\/es\/wp-json\/wp\/v2\/users\/1"}],"replies":[{"embeddable":true,"href":"https:\/\/www.elvendrellturisme.com\/es\/wp-json\/wp\/v2\/comments?post=24851"}],"version-history":[{"count":0,"href":"https:\/\/www.elvendrellturisme.com\/es\/wp-json\/wp\/v2\/posts\/24851\/revisions"}],"wp:featuredmedia":[{"embeddable":true,"href":"https:\/\/www.elvendrellturisme.com\/es\/wp-json\/wp\/v2\/media\/23201"}],"wp:attachment":[{"href":"https:\/\/www.elvendrellturisme.com\/es\/wp-json\/wp\/v2\/media?parent=24851"}],"wp:term":[{"taxonomy":"category","embeddable":true,"href":"https:\/\/www.elvendrellturisme.com\/es\/wp-json\/wp\/v2\/categories?post=24851"},{"taxonomy":"post_tag","embeddable":true,"href":"https:\/\/www.elvendrellturisme.com\/es\/wp-json\/wp\/v2\/tags?post=24851"},{"taxonomy":"dipi_cpt_category","embeddable":true,"href":"https:\/\/www.elvendrellturisme.com\/es\/wp-json\/wp\/v2\/dipi_cpt_category?post=24851"}],"curies":[{"name":"wp","href":"https:\/\/api.w.org\/{rel}","templated":true}]}}