{"id":24852,"date":"2016-10-09T11:48:43","date_gmt":"2016-10-09T11:48:43","guid":{"rendered":"http:\/\/tv.dms3labs.cat\/salida-para-conocer-proyectos-que-pueden-convertirse-en-espacios-de-custodia\/"},"modified":"2016-10-09T11:48:43","modified_gmt":"2016-10-09T11:48:43","slug":"salida-para-conocer-proyectos-que-pueden-convertirse-en-espacios-de-custodia","status":"publish","type":"post","link":"https:\/\/www.elvendrellturisme.com\/es\/salida-para-conocer-proyectos-que-pueden-convertirse-en-espacios-de-custodia\/","title":{"rendered":"Salida para conocer proyectos que pueden convertirse en espacios de custodia"},"content":{"rendered":"<p>El jueves 20 de octubre se organiza una salida t\u00e9cnica para conocer proyectos que pueden convertirse en espacios de custodia: las Madrigueras, el Fondo del Mata y caminos hist\u00f3ricos.<\/p>\n<p>M\u00e1s informaci\u00f3n: web del Ayuntamiento de El Vendrell<\/p>\n","protected":false},"excerpt":{"rendered":"<p>El jueves 20 de octubre se organiza una salida t\u00e9cnica para conocer proyectos que pueden convertirse en espacios de custodia: las Madrigueras, el Fondo del Mata y caminos hist\u00f3ricos. M\u00e1s informaci\u00f3n: web del Ayuntamiento de El Vendrell<\/p>\n","protected":false},"author":1,"featured_media":23203,"comment_status":"open","ping_status":"closed","sticky":false,"template":"","format":"standard","meta":{"_acf_changed":false,"_et_pb_use_builder":"","_et_pb_old_content":"","_et_gb_content_width":"","content-type":"","footnotes":""},"categories":[],"tags":[],"dipi_cpt_category":[],"class_list":["post-24852","post","type-post","status-publish","format-standard","has-post-thumbnail","hentry"],"acf":[],"_links":{"self":[{"href":"https:\/\/www.elvendrellturisme.com\/es\/wp-json\/wp\/v2\/posts\/24852","targetHints":{"allow":["GET"]}}],"collection":[{"href":"https:\/\/www.elvendrellturisme.com\/es\/wp-json\/wp\/v2\/posts"}],"about":[{"href":"https:\/\/www.elvendrellturisme.com\/es\/wp-json\/wp\/v2\/types\/post"}],"author":[{"embeddable":true,"href":"https:\/\/www.elvendrellturisme.com\/es\/wp-json\/wp\/v2\/users\/1"}],"replies":[{"embeddable":true,"href":"https:\/\/www.elvendrellturisme.com\/es\/wp-json\/wp\/v2\/comments?post=24852"}],"version-history":[{"count":0,"href":"https:\/\/www.elvendrellturisme.com\/es\/wp-json\/wp\/v2\/posts\/24852\/revisions"}],"wp:featuredmedia":[{"embeddable":true,"href":"https:\/\/www.elvendrellturisme.com\/es\/wp-json\/wp\/v2\/media\/23203"}],"wp:attachment":[{"href":"https:\/\/www.elvendrellturisme.com\/es\/wp-json\/wp\/v2\/media?parent=24852"}],"wp:term":[{"taxonomy":"category","embeddable":true,"href":"https:\/\/www.elvendrellturisme.com\/es\/wp-json\/wp\/v2\/categories?post=24852"},{"taxonomy":"post_tag","embeddable":true,"href":"https:\/\/www.elvendrellturisme.com\/es\/wp-json\/wp\/v2\/tags?post=24852"},{"taxonomy":"dipi_cpt_category","embeddable":true,"href":"https:\/\/www.elvendrellturisme.com\/es\/wp-json\/wp\/v2\/dipi_cpt_category?post=24852"}],"curies":[{"name":"wp","href":"https:\/\/api.w.org\/{rel}","templated":true}]}}