{"id":24858,"date":"2016-10-27T11:16:00","date_gmt":"2016-10-27T11:16:00","guid":{"rendered":"http:\/\/tv.dms3labs.cat\/el-proximo-viernes-abre-sus-puertas-el-supermercado-de-arte-en-la-sala-de-exposiciones-la-fusteria\/"},"modified":"2016-10-27T11:16:00","modified_gmt":"2016-10-27T11:16:00","slug":"el-proximo-viernes-abre-sus-puertas-el-supermercado-de-arte-en-la-sala-de-exposiciones-la-fusteria","status":"publish","type":"post","link":"https:\/\/www.elvendrellturisme.com\/es\/el-proximo-viernes-abre-sus-puertas-el-supermercado-de-arte-en-la-sala-de-exposiciones-la-fusteria\/","title":{"rendered":"El pr\u00f3ximo viernes abre sus puertas el Supermercado de Arte en la Sala de exposiciones La Fusteria"},"content":{"rendered":"<p>El pr\u00f3ximo viernes 28 de octubre, a las 20 h, en la Sala de exposiciones La Carpinter\u00eda, tendr\u00e1 lugar la inauguraci\u00f3n de la tercera edici\u00f3n del Supermercado de Arte, que se podr\u00e1 visitar hasta el domingo 13 de noviembre. El Supermercado de Arte se lleva a cabo de forma bienal y tiene como objetivo acercar el arte al p\u00fablico, as\u00ed como promocionar y fomentar el coleccionismo.<\/p>\n<p>Tras un proceso de selecci\u00f3n a cargo de la Comisi\u00f3n de Arte, los participantes de esta tercera edici\u00f3n del Supermercado de Arte son:<\/p>\n<p>Silvia Colomina G\u00f3mez, de Lleida<br \/>\nlitograf\u00eda<\/p>\n<p>Rosana Freixes, de Santa Oliva<br \/>\nTextil. Seda natural pintada a mano<\/p>\n<p>Rub\u00e9n Guill\u00e9n Claris\u00f3, de Lleida<br \/>\nPintura al \u00f3leo<\/p>\n<p>Esther Heras Ca\u00f1ellas, El Vendrell<br \/>\njoyer\u00eda<\/p>\n<p>Laura Herraiz Bianchi, de Barcelona<br \/>\ngrabados<\/p>\n<p>Iraida Luciano, de Santa Oliva<br \/>\ndibujo<\/p>\n<p>Adolfo Marcelo Bulo Morgan, de Sitges<br \/>\nPintura al \u00f3leo<\/p>\n<p>Robert Mart\u00ed Ripoll, de Lleida<br \/>\n\u00d3leos y acuarelas<\/p>\n<p>Camila P\u00e9rez Salv\u00e0, de El Vendrell<br \/>\ncer\u00e1mica<\/p>\n<p>Conxita Pons Sabio, de Segur de Calafell<br \/>\njoyer\u00eda<\/p>\n<p>M. Jos\u00e9 Torres Gonz\u00e1lez, de Sant Sadurn\u00ed d&#8217;Anoia<br \/>\ncer\u00e1mica<\/p>\n<p>El Supermercado de Arte se podr\u00e1 visitar de martes a s\u00e1bado de 17 a 20 h y domingos y festivos de 10h a 14 h.<\/p>\n","protected":false},"excerpt":{"rendered":"<p>El pr\u00f3ximo viernes 28 de octubre, a las 20 h, en la Sala de exposiciones La Carpinter\u00eda, tendr\u00e1 lugar la inauguraci\u00f3n de la tercera edici\u00f3n del Supermercado de Arte, que se podr\u00e1 visitar hasta el domingo 13 de noviembre. El Supermercado de Arte se lleva a cabo de forma bienal y tiene como objetivo acercar [&hellip;]<\/p>\n","protected":false},"author":1,"featured_media":23215,"comment_status":"open","ping_status":"closed","sticky":false,"template":"","format":"standard","meta":{"_acf_changed":false,"_et_pb_use_builder":"","_et_pb_old_content":"","_et_gb_content_width":"","content-type":"","footnotes":""},"categories":[],"tags":[],"dipi_cpt_category":[],"class_list":["post-24858","post","type-post","status-publish","format-standard","has-post-thumbnail","hentry"],"acf":[],"_links":{"self":[{"href":"https:\/\/www.elvendrellturisme.com\/es\/wp-json\/wp\/v2\/posts\/24858","targetHints":{"allow":["GET"]}}],"collection":[{"href":"https:\/\/www.elvendrellturisme.com\/es\/wp-json\/wp\/v2\/posts"}],"about":[{"href":"https:\/\/www.elvendrellturisme.com\/es\/wp-json\/wp\/v2\/types\/post"}],"author":[{"embeddable":true,"href":"https:\/\/www.elvendrellturisme.com\/es\/wp-json\/wp\/v2\/users\/1"}],"replies":[{"embeddable":true,"href":"https:\/\/www.elvendrellturisme.com\/es\/wp-json\/wp\/v2\/comments?post=24858"}],"version-history":[{"count":0,"href":"https:\/\/www.elvendrellturisme.com\/es\/wp-json\/wp\/v2\/posts\/24858\/revisions"}],"wp:featuredmedia":[{"embeddable":true,"href":"https:\/\/www.elvendrellturisme.com\/es\/wp-json\/wp\/v2\/media\/23215"}],"wp:attachment":[{"href":"https:\/\/www.elvendrellturisme.com\/es\/wp-json\/wp\/v2\/media?parent=24858"}],"wp:term":[{"taxonomy":"category","embeddable":true,"href":"https:\/\/www.elvendrellturisme.com\/es\/wp-json\/wp\/v2\/categories?post=24858"},{"taxonomy":"post_tag","embeddable":true,"href":"https:\/\/www.elvendrellturisme.com\/es\/wp-json\/wp\/v2\/tags?post=24858"},{"taxonomy":"dipi_cpt_category","embeddable":true,"href":"https:\/\/www.elvendrellturisme.com\/es\/wp-json\/wp\/v2\/dipi_cpt_category?post=24858"}],"curies":[{"name":"wp","href":"https:\/\/api.w.org\/{rel}","templated":true}]}}