{"id":24859,"date":"2016-10-27T11:18:19","date_gmt":"2016-10-27T11:18:19","guid":{"rendered":"http:\/\/tv.dms3labs.cat\/horarios-de-los-cementerios-con-motivo-de-todos-los-santos\/"},"modified":"2016-10-27T11:18:19","modified_gmt":"2016-10-27T11:18:19","slug":"horarios-de-los-cementerios-con-motivo-de-todos-los-santos","status":"publish","type":"post","link":"https:\/\/www.elvendrellturisme.com\/es\/horarios-de-los-cementerios-con-motivo-de-todos-los-santos\/","title":{"rendered":"Horarios de los cementerios con motivo de Todos los Santos"},"content":{"rendered":"<p>d\u00edas siguientes:<\/p>\n<p>-al cementerio de El Vendrell, del 24 al 31 de octubre y el 1 de noviembre<\/p>\n<p>-al cementerio de San Vicente de Calders, el 31 de octubre y el 1 de noviembre<\/p>\n<p>M\u00e1s informaci\u00f3n: Concejal\u00eda de Cementerios, al tel. 977 16 64 00<\/p>\n","protected":false},"excerpt":{"rendered":"<p>d\u00edas siguientes: -al cementerio de El Vendrell, del 24 al 31 de octubre y el 1 de noviembre -al cementerio de San Vicente de Calders, el 31 de octubre y el 1 de noviembre M\u00e1s informaci\u00f3n: Concejal\u00eda de Cementerios, al tel. 977 16 64 00<\/p>\n","protected":false},"author":1,"featured_media":23217,"comment_status":"open","ping_status":"closed","sticky":false,"template":"","format":"standard","meta":{"_acf_changed":false,"_et_pb_use_builder":"","_et_pb_old_content":"","_et_gb_content_width":"","content-type":"","footnotes":""},"categories":[],"tags":[],"dipi_cpt_category":[],"class_list":["post-24859","post","type-post","status-publish","format-standard","has-post-thumbnail","hentry"],"acf":[],"_links":{"self":[{"href":"https:\/\/www.elvendrellturisme.com\/es\/wp-json\/wp\/v2\/posts\/24859","targetHints":{"allow":["GET"]}}],"collection":[{"href":"https:\/\/www.elvendrellturisme.com\/es\/wp-json\/wp\/v2\/posts"}],"about":[{"href":"https:\/\/www.elvendrellturisme.com\/es\/wp-json\/wp\/v2\/types\/post"}],"author":[{"embeddable":true,"href":"https:\/\/www.elvendrellturisme.com\/es\/wp-json\/wp\/v2\/users\/1"}],"replies":[{"embeddable":true,"href":"https:\/\/www.elvendrellturisme.com\/es\/wp-json\/wp\/v2\/comments?post=24859"}],"version-history":[{"count":0,"href":"https:\/\/www.elvendrellturisme.com\/es\/wp-json\/wp\/v2\/posts\/24859\/revisions"}],"wp:featuredmedia":[{"embeddable":true,"href":"https:\/\/www.elvendrellturisme.com\/es\/wp-json\/wp\/v2\/media\/23217"}],"wp:attachment":[{"href":"https:\/\/www.elvendrellturisme.com\/es\/wp-json\/wp\/v2\/media?parent=24859"}],"wp:term":[{"taxonomy":"category","embeddable":true,"href":"https:\/\/www.elvendrellturisme.com\/es\/wp-json\/wp\/v2\/categories?post=24859"},{"taxonomy":"post_tag","embeddable":true,"href":"https:\/\/www.elvendrellturisme.com\/es\/wp-json\/wp\/v2\/tags?post=24859"},{"taxonomy":"dipi_cpt_category","embeddable":true,"href":"https:\/\/www.elvendrellturisme.com\/es\/wp-json\/wp\/v2\/dipi_cpt_category?post=24859"}],"curies":[{"name":"wp","href":"https:\/\/api.w.org\/{rel}","templated":true}]}}