{"id":24860,"date":"2016-11-03T11:11:48","date_gmt":"2016-11-03T11:11:48","guid":{"rendered":"http:\/\/tv.dms3labs.cat\/primer-punto-de-libro-conmemorativo-de-pau-casals\/"},"modified":"2016-11-03T11:11:48","modified_gmt":"2016-11-03T11:11:48","slug":"primer-punto-de-libro-conmemorativo-de-pau-casals","status":"publish","type":"post","link":"https:\/\/www.elvendrellturisme.com\/es\/primer-punto-de-libro-conmemorativo-de-pau-casals\/","title":{"rendered":"Primer punto de libro conmemorativo de Pau Casals"},"content":{"rendered":"<p>Por iniciativa de la Biblioteca P\u00fablica Terra Baixa y, conjuntamente con el Museo Pau Casals de Sant Salvador y el museo de la Casa Nadiua de Pau Casals, con la esponsorizaci\u00f3n de la Imprenta Ram\u00f3n del Vendrell y con el apoyo del Servicio de Bibliotecas de la Generalidad de Catalu\u00f1a, se inicia una colecci\u00f3n de puntos de libro conmemorativos de Pau Casals.<\/p>\n<p>La voluntad es que cada a\u00f1o, durante la semana &quot;El Vendrell vive Pau Casals&quot; se pueda presentar un nuevo punto de libro y, as\u00ed, ir confeccionando toda una colecci\u00f3n a\u00f1o tras a\u00f1o.<\/p>\n<p>El punto de libro incluir\u00e1 una frase del maestro y reproducciones de elementos bibliogr\u00e1ficos, discogr\u00e1ficos, muse\u00edsticos, etc. los fondos de la biblioteca o de los museos que participan en el proyecto.<\/p>\n<p>El dise\u00f1o de este a\u00f1o presenta la frase: &quot;Lo dif\u00edcil es dejar en una obra una marca genuinamente personal, aunque servirse del lenguaje corriente y comprensible&quot; as\u00ed como una reproducci\u00f3n de la portada del CD Hall of fame y del libro de Jos\u00e9 Mar\u00eda Corredor Conversaciones con Pau Casals.<\/p>\n<p>La tirada de la edici\u00f3n de este a\u00f1o 2016 es de 80.000 puntos de libros. El Departamento de Cultura de la Generalidad de Catalu\u00f1a, mediante el Servicio de Bibliotecas, los repartir\u00e1 entre las 400 bibliotecas de toda Catalu\u00f1a. Tambi\u00e9n se podr\u00e1n conseguir en el Museo Pau Casals de Sant Salvador, en el museo de la Casa Nadiua de Pau Casals y en la Biblioteca P\u00fablica Terra Baixa.<\/p>\n","protected":false},"excerpt":{"rendered":"<p>Por iniciativa de la Biblioteca P\u00fablica Terra Baixa y, conjuntamente con el Museo Pau Casals de Sant Salvador y el museo de la Casa Nadiua de Pau Casals, con la esponsorizaci\u00f3n de la Imprenta Ram\u00f3n del Vendrell y con el apoyo del Servicio de Bibliotecas de la Generalidad de Catalu\u00f1a, se inicia una colecci\u00f3n de [&hellip;]<\/p>\n","protected":false},"author":1,"featured_media":23219,"comment_status":"open","ping_status":"closed","sticky":false,"template":"","format":"standard","meta":{"_acf_changed":false,"_et_pb_use_builder":"","_et_pb_old_content":"","_et_gb_content_width":"","content-type":"","footnotes":""},"categories":[],"tags":[],"dipi_cpt_category":[],"class_list":["post-24860","post","type-post","status-publish","format-standard","has-post-thumbnail","hentry"],"acf":[],"_links":{"self":[{"href":"https:\/\/www.elvendrellturisme.com\/es\/wp-json\/wp\/v2\/posts\/24860","targetHints":{"allow":["GET"]}}],"collection":[{"href":"https:\/\/www.elvendrellturisme.com\/es\/wp-json\/wp\/v2\/posts"}],"about":[{"href":"https:\/\/www.elvendrellturisme.com\/es\/wp-json\/wp\/v2\/types\/post"}],"author":[{"embeddable":true,"href":"https:\/\/www.elvendrellturisme.com\/es\/wp-json\/wp\/v2\/users\/1"}],"replies":[{"embeddable":true,"href":"https:\/\/www.elvendrellturisme.com\/es\/wp-json\/wp\/v2\/comments?post=24860"}],"version-history":[{"count":0,"href":"https:\/\/www.elvendrellturisme.com\/es\/wp-json\/wp\/v2\/posts\/24860\/revisions"}],"wp:featuredmedia":[{"embeddable":true,"href":"https:\/\/www.elvendrellturisme.com\/es\/wp-json\/wp\/v2\/media\/23219"}],"wp:attachment":[{"href":"https:\/\/www.elvendrellturisme.com\/es\/wp-json\/wp\/v2\/media?parent=24860"}],"wp:term":[{"taxonomy":"category","embeddable":true,"href":"https:\/\/www.elvendrellturisme.com\/es\/wp-json\/wp\/v2\/categories?post=24860"},{"taxonomy":"post_tag","embeddable":true,"href":"https:\/\/www.elvendrellturisme.com\/es\/wp-json\/wp\/v2\/tags?post=24860"},{"taxonomy":"dipi_cpt_category","embeddable":true,"href":"https:\/\/www.elvendrellturisme.com\/es\/wp-json\/wp\/v2\/dipi_cpt_category?post=24860"}],"curies":[{"name":"wp","href":"https:\/\/api.w.org\/{rel}","templated":true}]}}